{"id":9835,"date":"2019-06-20T14:52:12","date_gmt":"2019-06-20T14:52:12","guid":{"rendered":"http:\/\/vaeter-und-karriere.de\/blog\/?p=9835"},"modified":"2019-09-27T14:56:43","modified_gmt":"2019-09-27T14:56:43","slug":"es-ist-manchmal-schwer-alles-zu-kombinieren","status":"publish","type":"post","link":"https:\/\/vaeter-und-karriere.de\/blog\/index.php\/2019\/06\/20\/es-ist-manchmal-schwer-alles-zu-kombinieren\/","title":{"rendered":"Es ist manchmal schwer, alles zu kombinieren"},"content":{"rendered":"\n<p>Wie es ist, drei Kinder gro\u00dfzuziehen &#8211; ohne Mutter? Ein Vater berichtet von den Herausforderungen, denen er sich stellen muss, seitdem seine Frau gestorben ist.<\/p>\n\n\n\n<p>Wouters Leben ist seitdem streng getaktet: Er arbeite den\nganzen Tag, komme gegen 17 Uhr zur\u00fcck nach Hause. Dann bereite er das\nAbendessen zu, k\u00fcmmere sich um seine Tochter und seine beiden S\u00f6hne. Manchmal\nmuss er abends weiterarbeiten. &#8222;Es ist manchmal schwer, alles zu\nkombinieren.&#8220; Viel Zeit f\u00fcr ihn selbst bleibt nicht.<\/p>\n\n\n\n<p>Die Kinder gehen auf drei unterschiedliche Schulen, ihr\nAlltag muss geplant und organisiert werden. Fr\u00fcher habe das seine Frau gemacht,\nsagt Wouter. &#8222;Sie hat an die Arzttermine und die Friseurbesuche gedacht,\nsich um den Haushalt gek\u00fcmmert. Ich war f\u00fcr die Finanzen zust\u00e4ndig. Jetzt\nmusste ich das alles \u00fcbernehmen &#8211; was dazu f\u00fchrte, dass wir viele Verabredungen\nverpassten.&#8220;<\/p>\n\n\n\n<p>Anfangs habe er versucht, immer alles richtig machen:\n&#8222;Ich wollte der beste Vater sein, mein Bestes geben.&#8220; Das hatte er\nseiner Frau versprochen. Ungef\u00e4hr ein Jahr dauerte es, bis er merkte, dass er\ndas nicht leisten konnte, dass er mehr auf sich achten musste. &#8222;Ich habe\njetzt mehr Frieden gefunden und bin entspannter. Denn wenn es mir besser geht,\ngeht es den Kindern auch besser&#8220;, sagt Wouter.<\/p>\n\n\n\n<p><strong>Die Familie ist n\u00e4her aneinanderger\u00fcckt<\/strong> <\/p>\n\n\n\n<p>Was er am meisten vermisst? Die Gespr\u00e4che und gegenseitige\nUnterst\u00fctzung. &#8222;Bei wichtigen Entscheidungen \u00fcberlege ich immer: Was w\u00fcrde\nClaar jetzt machen? Und dann f\u00fchre ich unsere Unterhaltung im Kopf.&#8220; Er\nkoche nun nicht mehr gern, weil er das fr\u00fcher oft gemeinsam mit Claar gemacht\nhabe. &#8222;Und es ist schwer, abends immer allein ins Bett zu gehen.&#8220;<\/p>\n\n\n\n<p>Auf dem Wohnzimmertisch liegt Papier, hier notiert die\nFamilie die sch\u00f6nsten und witzigsten Erinnerungen mit der Mutter, wie Wouter\nberichtet. Ab und zu w\u00fcrden sie sich die Anekdoten gegenseitig vorlesen. Eine\ngro\u00dfe Zeichnung von Claar h\u00e4nge im Flur, in der K\u00fcche ihr Portr\u00e4t. Die Familie\nsei n\u00e4her aneinanderger\u00fcckt, seit sie nicht mehr da ist, die Beziehung zwischen\nVater und Kindern st\u00e4rker geworden. &#8222;Wir kommen klar, meistens&#8220;, sagt\nWouter.<\/p>\n\n\n\n<p>Die Kinder f\u00fchren dem Vater zufolge einen normalen Alltag,\ndoch immer wieder gebe es Momente, in denen den Kindern und ihm der Verlust\nbewusst werde. &#8222;Es tut mir sehr weh, wenn sie ihren Geburtstag ohne ihre\nMutter feiern m\u00fcssen oder wenn sie bei einem wichtigen Fu\u00dfballspiel nicht dabei\nsein kann&#8220;, sagt der Vater. Er habe gelernt, seine Gef\u00fchle zu zeigen, sie\nzuzulassen.<\/p>\n\n\n\n<p>Geholfen haben Wouter vor allem Gespr\u00e4che mit M\u00e4nnern, die\nauch ihre Frauen verloren haben. Deshalb will er nun auch anderen Betroffenen\nseine Hilfe anbieten &#8211; und seine Erfahrungen mit ihnen teilen. <\/p>\n\n\n\n<p><a href=\"https:\/\/www.spiegel.de\/lebenundlernen\/schule\/witwer-mit-drei-kindern-ein-leben-ohne-sie-a-1260056.html \" target=\"_blank\" rel=\"noreferrer noopener\" aria-label=\"Quelle (\u00f6ffnet in neuem Tab)\">Quelle<\/a><\/p>\n","protected":false},"excerpt":{"rendered":"<p>Wie es ist, drei Kinder gro\u00dfzuziehen &#8211; ohne Mutter? Ein Vater berichtet von den Herausforderungen, denen er sich stellen muss, seitdem seine Frau gestorben ist. Wouters Leben ist seitdem streng getaktet: Er arbeite den ganzen Tag, komme gegen 17 Uhr zur\u00fcck nach Hause. Dann bereite er das Abendessen zu, k\u00fcmmere sich um seine Tochter und [&hellip;]<\/p>\n","protected":false},"author":1,"featured_media":0,"comment_status":"closed","ping_status":"open","sticky":false,"template":"","format":"standard","meta":[],"categories":[43,33,24],"tags":[88],"_links":{"self":[{"href":"https:\/\/vaeter-und-karriere.de\/blog\/index.php\/wp-json\/wp\/v2\/posts\/9835"}],"collection":[{"href":"https:\/\/vaeter-und-karriere.de\/blog\/index.php\/wp-json\/wp\/v2\/posts"}],"about":[{"href":"https:\/\/vaeter-und-karriere.de\/blog\/index.php\/wp-json\/wp\/v2\/types\/post"}],"author":[{"embeddable":true,"href":"https:\/\/vaeter-und-karriere.de\/blog\/index.php\/wp-json\/wp\/v2\/users\/1"}],"replies":[{"embeddable":true,"href":"https:\/\/vaeter-und-karriere.de\/blog\/index.php\/wp-json\/wp\/v2\/comments?post=9835"}],"version-history":[{"count":1,"href":"https:\/\/vaeter-und-karriere.de\/blog\/index.php\/wp-json\/wp\/v2\/posts\/9835\/revisions"}],"predecessor-version":[{"id":9836,"href":"https:\/\/vaeter-und-karriere.de\/blog\/index.php\/wp-json\/wp\/v2\/posts\/9835\/revisions\/9836"}],"wp:attachment":[{"href":"https:\/\/vaeter-und-karriere.de\/blog\/index.php\/wp-json\/wp\/v2\/media?parent=9835"}],"wp:term":[{"taxonomy":"category","embeddable":true,"href":"https:\/\/vaeter-und-karriere.de\/blog\/index.php\/wp-json\/wp\/v2\/categories?post=9835"},{"taxonomy":"post_tag","embeddable":true,"href":"https:\/\/vaeter-und-karriere.de\/blog\/index.php\/wp-json\/wp\/v2\/tags?post=9835"}],"curies":[{"name":"wp","href":"https:\/\/api.w.org\/{rel}","templated":true}]}}