{"id":9536,"date":"2018-04-17T10:27:02","date_gmt":"2018-04-17T10:27:02","guid":{"rendered":"http:\/\/vaeter-und-karriere.de\/blog\/?p=9536"},"modified":"2018-04-27T10:36:10","modified_gmt":"2018-04-27T10:36:10","slug":"veranstaltungen-und-projekte-fur-vater-in-der-schweiz","status":"publish","type":"post","link":"https:\/\/vaeter-und-karriere.de\/blog\/index.php\/2018\/04\/17\/veranstaltungen-und-projekte-fur-vater-in-der-schweiz\/","title":{"rendered":"Veranstaltungen und Projekte f\u00fcr V\u00e4ter in der Schweiz"},"content":{"rendered":"<p><a href=\"http:\/\/www.maenner.ch\/was-ist-der-vaetertag\"><img loading=\"lazy\" class=\"alignright\" src=\"http:\/\/www.maenner.ch\/sites\/default\/files\/styles\/kampa_style_editor_small\/public\/logo_vaetertag_18d.jpg?itok=ADZR35DB \" alt=\"\" width=\"315\" height=\"102\" \/><\/a>Der <strong>Schweizer V\u00e4tertag<\/strong> r\u00fcckt n\u00e4her: Am <strong>3. Juni<\/strong> wird es auch in diesem Jahr wieder vielf\u00e4ltige Aktionen geben, die v\u00e4terliches Engagement thematisieren und feiern. Kurz nach dem V\u00e4tertag wird dann auch eine lyrische Bombe gez\u00fcndet: Am <strong>7. Juni<\/strong> gibts in der Matte Brennerei in Bern den <strong>Papa-Poetry-Slam<\/strong> &#8211; ein Poetry Slam, bei dem in der ersten Runde das Thema Vaterschaft mit Wortkunst aufgegriffen wird.<\/p>\n<p>M\u00e4nnlichkeit hat viele Seiten &#8211; und braucht dringend Auseinandersetzung. Deshalb organisieren wir die Gespr\u00e4chsreihe <strong>Penis-Dialoge: <\/strong>mit viel Sorgfalt und Respekt, aber ohne Tabus. Am<strong> 21. Juni<\/strong> um 19:30 Uhr starten wir in Z\u00fcrich mit dem ersten Penis <strong>Dialog zu Sexualit\u00e4t<\/strong> &#8211; ein Gespr\u00e4ch zu m\u00e4nnlicher Sexualit\u00e4t, zu Lust und Intimit\u00e4t, Grenzen, Ber\u00fchrung und #metoo, mit Nicolas Zogg, Markus Theunert, Bruno Wermuth (Paar- und Sexualberater und &#8222;Doktor Sex&#8220; bei 20Minuten) und Martin Bachmann (M\u00e4nnerberater und Sexologe beim manneb\u00fcro z\u00fcri).<\/p>\n<p>Welche Geschichte m\u00f6chtest du als Vater schreiben? Im <a href=\"http:\/\/www.vatercrashkurs.ch\" target=\"_blank\"><strong>Vatercrashkurs<\/strong><\/a> holst du dir Antworten auf deine Fragen rund ums Vaterwerden und -sein, tauschst dich mit anderen werdenden und frischgebackenen V\u00e4tern aus und holst dir Impulse, um deine Rolle als Vater aktiv zu gestalten.<\/p>\n<p><strong><a href=\"https:\/\/www.luzernertheater.ch\/vaeter\" target=\"_blank\">Theaterst\u00fcck<\/a> V\u00e4ter<\/strong>: In Luzern l\u00e4sst ein Theaterst\u00fcck V\u00e4ter \u00fcbers Vatersein sprechen. \u201cV\u00e4ter\u201d feiert am 27.4. Premiere und l\u00e4uft dann bis Juni.<\/p>\n<p><strong><a href=\"https:\/\/www.jumpps.ch\/weiterbildung\/aktuelle-kurse\" target=\"_blank\">Weiterbildungen<\/a> bei jumpps<\/strong>: Zahlreiche bereichernde Kurse zur Jungen- und M\u00e4dchenp\u00e4dagogik.<\/p>\n<p><strong><a href=\"http:\/\/www.maenner.ch\/news\/2018-04-20-aufruf-zu-einer-studie\" target=\"_blank\">Studie<\/a> zu Erziehungsstilen<\/strong>: Eine Studie will \u00fcberpr\u00fcfen, ob es tats\u00e4chlich auch in der Schweiz Unterschiede zwischen den Erziehungsstilen von heterosexuellen und sexuell anders orientierten Eltern gibt.<\/p>\n<p><strong>Alleinerziehende oder mehrheitlich betreuende V\u00e4ter <a href=\"mailto:roth@maenner.ch\">gesucht<\/a>:<\/strong> F\u00fcr aktuelle Medienanfragen suchen wir Familien, bei denen die Frau die Mehrheit der Erwerbsarbeit und der Mann die meiste Care-Arbeit \u00fcbernimmt. Oder V\u00e4ter, die alleinerziehend sind, bzw. getrennt leben und den gr\u00f6ssten Teil der Betreuungsarbeit leisten.<\/p>\n<p><a href=\"http:\/\/www.maenner.ch\/\" target=\"_blank\">Quelle<\/a><\/p>\n","protected":false},"excerpt":{"rendered":"<p>Der Schweizer V\u00e4tertag r\u00fcckt n\u00e4her: Am 3. Juni wird es auch in diesem Jahr wieder vielf\u00e4ltige Aktionen geben, die v\u00e4terliches Engagement thematisieren und feiern. Kurz nach dem V\u00e4tertag wird dann auch eine lyrische Bombe gez\u00fcndet: Am 7. Juni gibts in der Matte Brennerei in Bern den Papa-Poetry-Slam &#8211; ein Poetry Slam, bei dem in der [&hellip;]<\/p>\n","protected":false},"author":1,"featured_media":0,"comment_status":"open","ping_status":"open","sticky":false,"template":"","format":"standard","meta":[],"categories":[33,56],"tags":[197],"_links":{"self":[{"href":"https:\/\/vaeter-und-karriere.de\/blog\/index.php\/wp-json\/wp\/v2\/posts\/9536"}],"collection":[{"href":"https:\/\/vaeter-und-karriere.de\/blog\/index.php\/wp-json\/wp\/v2\/posts"}],"about":[{"href":"https:\/\/vaeter-und-karriere.de\/blog\/index.php\/wp-json\/wp\/v2\/types\/post"}],"author":[{"embeddable":true,"href":"https:\/\/vaeter-und-karriere.de\/blog\/index.php\/wp-json\/wp\/v2\/users\/1"}],"replies":[{"embeddable":true,"href":"https:\/\/vaeter-und-karriere.de\/blog\/index.php\/wp-json\/wp\/v2\/comments?post=9536"}],"version-history":[{"count":4,"href":"https:\/\/vaeter-und-karriere.de\/blog\/index.php\/wp-json\/wp\/v2\/posts\/9536\/revisions"}],"predecessor-version":[{"id":9540,"href":"https:\/\/vaeter-und-karriere.de\/blog\/index.php\/wp-json\/wp\/v2\/posts\/9536\/revisions\/9540"}],"wp:attachment":[{"href":"https:\/\/vaeter-und-karriere.de\/blog\/index.php\/wp-json\/wp\/v2\/media?parent=9536"}],"wp:term":[{"taxonomy":"category","embeddable":true,"href":"https:\/\/vaeter-und-karriere.de\/blog\/index.php\/wp-json\/wp\/v2\/categories?post=9536"},{"taxonomy":"post_tag","embeddable":true,"href":"https:\/\/vaeter-und-karriere.de\/blog\/index.php\/wp-json\/wp\/v2\/tags?post=9536"}],"curies":[{"name":"wp","href":"https:\/\/api.w.org\/{rel}","templated":true}]}}