{"id":9227,"date":"2017-09-26T16:33:53","date_gmt":"2017-09-26T16:33:53","guid":{"rendered":"http:\/\/vaeter-und-karriere.de\/blog\/?p=9227"},"modified":"2017-09-26T16:33:53","modified_gmt":"2017-09-26T16:33:53","slug":"drei-kienbaren-bekommen-ein-neues-zuhause","status":"publish","type":"post","link":"https:\/\/vaeter-und-karriere.de\/blog\/index.php\/2017\/09\/26\/drei-kienbaren-bekommen-ein-neues-zuhause\/","title":{"rendered":"Drei Kienb\u00e4ren bekommen ein neues Zuhause"},"content":{"rendered":"<p><a href=\"http:\/\/vaeter-und-karriere.de\/blog\/wp-content\/uploads\/2017\/09\/kienbaer.jpg\"><img loading=\"lazy\" class=\"alignright size-full wp-image-9228\" title=\"kienbaer\" src=\"http:\/\/vaeter-und-karriere.de\/blog\/wp-content\/uploads\/2017\/09\/kienbaer.jpg\" alt=\"kienbaer\" width=\"146\" height=\"146\" \/><\/a>Bald ist es wieder soweit. Am <strong>Freitag den 6. Oktober 2017 ab 16:00 Uhr<\/strong> wird der V\u00e4terpreis des Bezirkes Marzahn-Hellersdorf &#8211; \u201e<a href=\"http:\/\/kienbaer.berlin\/\" target=\"_blank\">KienB\u00e4r<\/a>\u201c- vergeben. Wie der Name schon vermuten l\u00e4sst, war die Verbindung zur IGA in diesem Jahr im Bezirk Marzahn Hellersdorf, bereits mit seiner Premiere im Jahr 2015 bewusst gew\u00e4hlt. Bei der ersten Verleihung mit vielen beeindruckenden V\u00e4tern und M\u00e4nnern des Bezirkes im Juni 2015, konnte die Spannung auf die diesj\u00e4hrige Verleihung initiiert werden. Nun m\u00f6chten wir allen Besuchern, Teilnehmern, Freunden des Preises weitere verdienstvolle, liebevolle und stark engagierte V\u00e4ter des Bezirkes Marzahn Hellersdorf vorstellen. Die Ehrung der diesj\u00e4hrigen Preistr\u00e4ger, wird wie angek\u00fcndigt auf dem Gel\u00e4nde der IGA auf der B\u00fchne am koreanischen Garten stattfinden.<\/p>\n<p>Der Aktionskreis \u201eKienB\u00e4r\u201c, hat in freier, ehrenamtlicher T\u00e4tigkeit und mit viel Freude die Preistr\u00e4ger ausw\u00e4hlen, die sinnbildlich f\u00fcr alle eingereichten Vorschl\u00e4ge stehen und werden sie Ihnen mit einem bunten Rahmenprogramm vorstellen. Die Auswahl war nicht einfach, da viele den Preis verdient h\u00e4tten. Aber es kann nur drei geben.<\/p>\n<p>Momentan werden die letzten Details f\u00fcr die Veranstaltung vorbereitet. Soviel kann aber schon gesagt werden: Der Kinder und Jugend Zirkus Cabuwazi und die Musikschule Marzahn werden mit begeisterten Darbietungen vertreten sein. F\u00fcr einen kleinen Imbiss und Getr\u00e4nke wird ebenfalls gesorgt. Mit Abwechslung, Spa\u00df, Freude und dankbarer Anerkennung m\u00f6chten wir Sie zu dieser besonderen \u00f6ffentlichen Ehrung verdienstvoller V\u00e4ter des Bezirkes herzlich einladen.<\/p>\n","protected":false},"excerpt":{"rendered":"<p>Bald ist es wieder soweit. Am Freitag den 6. Oktober 2017 ab 16:00 Uhr wird der V\u00e4terpreis des Bezirkes Marzahn-Hellersdorf &#8211; \u201eKienB\u00e4r\u201c- vergeben. Wie der Name schon vermuten l\u00e4sst, war die Verbindung zur IGA in diesem Jahr im Bezirk Marzahn Hellersdorf, bereits mit seiner Premiere im Jahr 2015 bewusst gew\u00e4hlt. Bei der ersten Verleihung mit [&hellip;]<\/p>\n","protected":false},"author":1,"featured_media":0,"comment_status":"open","ping_status":"open","sticky":false,"template":"","format":"standard","meta":[],"categories":[43,157,24],"tags":[],"_links":{"self":[{"href":"https:\/\/vaeter-und-karriere.de\/blog\/index.php\/wp-json\/wp\/v2\/posts\/9227"}],"collection":[{"href":"https:\/\/vaeter-und-karriere.de\/blog\/index.php\/wp-json\/wp\/v2\/posts"}],"about":[{"href":"https:\/\/vaeter-und-karriere.de\/blog\/index.php\/wp-json\/wp\/v2\/types\/post"}],"author":[{"embeddable":true,"href":"https:\/\/vaeter-und-karriere.de\/blog\/index.php\/wp-json\/wp\/v2\/users\/1"}],"replies":[{"embeddable":true,"href":"https:\/\/vaeter-und-karriere.de\/blog\/index.php\/wp-json\/wp\/v2\/comments?post=9227"}],"version-history":[{"count":1,"href":"https:\/\/vaeter-und-karriere.de\/blog\/index.php\/wp-json\/wp\/v2\/posts\/9227\/revisions"}],"predecessor-version":[{"id":9229,"href":"https:\/\/vaeter-und-karriere.de\/blog\/index.php\/wp-json\/wp\/v2\/posts\/9227\/revisions\/9229"}],"wp:attachment":[{"href":"https:\/\/vaeter-und-karriere.de\/blog\/index.php\/wp-json\/wp\/v2\/media?parent=9227"}],"wp:term":[{"taxonomy":"category","embeddable":true,"href":"https:\/\/vaeter-und-karriere.de\/blog\/index.php\/wp-json\/wp\/v2\/categories?post=9227"},{"taxonomy":"post_tag","embeddable":true,"href":"https:\/\/vaeter-und-karriere.de\/blog\/index.php\/wp-json\/wp\/v2\/tags?post=9227"}],"curies":[{"name":"wp","href":"https:\/\/api.w.org\/{rel}","templated":true}]}}