{"id":9219,"date":"2017-09-21T16:18:16","date_gmt":"2017-09-21T16:18:16","guid":{"rendered":"http:\/\/vaeter-und-karriere.de\/blog\/?p=9219"},"modified":"2017-09-21T16:18:16","modified_gmt":"2017-09-21T16:18:16","slug":"kindeswohlgefahrdung-durch-eltern-kind-entfremdung-oder-kontaktabbruch","status":"publish","type":"post","link":"https:\/\/vaeter-und-karriere.de\/blog\/index.php\/2017\/09\/21\/kindeswohlgefahrdung-durch-eltern-kind-entfremdung-oder-kontaktabbruch\/","title":{"rendered":"Kindeswohlgef\u00e4hrdung durch Eltern-Kind-Entfremdung oder Kontaktabbruch"},"content":{"rendered":"<p>Wie sehr muss ein Kind in Not geraten sein, wenn es \u00e4u\u00dfert: \u201eIch will nicht zum Vater!\u201c oder \u201eIch will meine Mutter nicht mehr sehen!\u201c Kinder, hin und her gerissen im Loyalit\u00e4tskonflikt, sind st\u00e4ndig und auf lange Zeit gef\u00e4hrdet zu erkranken. Kindliche Loyalit\u00e4tskonflikte wirken tiefgr\u00fcndig, nachhaltig, oft transgenerativ und \u00fcberfordern h\u00e4ufig BeraterInnen und TherapeutInnen ebenso wie die damit befassten Akteure eines familiengerichtlichen Verfahrens.<\/p>\n<p>Beim n\u00e4chsten Familienkongress am 11.\/12. November 2017 des \u201eV\u00e4teraufbruch f\u00fcr Kinder\u201c in Halle soll diesem Ph\u00e4nomen auf den Grund gegangen, Ursachen und Verl\u00e4ufe erkundet und Interventionen betrachtet werden, mit denen Kinder vor \u201eEltern-Kind-Entfremdung\u201c gesch\u00fctzt werden k\u00f6nnen.<\/p>\n<p>Die andere Seite der Medaille ist der Kontaktabbruch von Vater oder Mutter zu ihrem Kind: Es geh\u00f6rt zu den gr\u00f6\u00dften Kr\u00e4nkungen eines Menschen, wenn diejenigen, die daf\u00fcr verantwortlich sind, dass ein Kind auf der Welt kommt, sich von ihm abwenden; wenn Vater oder Mutter sich nicht f\u00fcr ihr Kind verantwortlich f\u00fchlen und es nicht gut in die Welt begleiten. Noch immer brechen mehr als 25% der V\u00e4ter nach zwei Jahren den Kontakt zu ihrem Kind ab. Manche Kinder erleben ihren Vater nie, manche wurden bis zur Trennung der Eltern \u00fcberwiegend von ihm versorgt und verlieren ihn innerhalb weniger Wochen.<\/p>\n<p>Es geht also um folgende Fragen<\/p>\n<ul>\n<li>Wie ernst ist dieser Gesellschaft das Kindeswohl?<\/li>\n<li>Welchen Einfluss hat ein kontradiktorisches familiengerichtliches Verfahren auf den Verlust oder die Erhaltung des Kontaktes zu beiden Eltern.<\/li>\n<li>Wie muss Kinderschutz gestaltet werden, dass das Leitmotiv \u201eAllen Kindern beide Eltern!\u201c auch unter schwierigen Bedingungen von Anfang an und nach Trennung und Scheidung Bestand hat.<\/li>\n<\/ul>\n<p>Betroffene Eltern, erwachsene betroffene Trennungskinder, Fachleute interdisziplin\u00e4rer Professionen sind herzlich zu einem produktiven Trialog eingeladen.<\/p>\n<p><a href=\"http:\/\/www.familienkongress.vaeteraufbruch.de\/index.php?id=fkh_startseite_2017 \" target=\"_self\">Quelle<\/a><\/p>\n","protected":false},"excerpt":{"rendered":"<p>Wie sehr muss ein Kind in Not geraten sein, wenn es \u00e4u\u00dfert: \u201eIch will nicht zum Vater!\u201c oder \u201eIch will meine Mutter nicht mehr sehen!\u201c Kinder, hin und her gerissen im Loyalit\u00e4tskonflikt, sind st\u00e4ndig und auf lange Zeit gef\u00e4hrdet zu erkranken. Kindliche Loyalit\u00e4tskonflikte wirken tiefgr\u00fcndig, nachhaltig, oft transgenerativ und \u00fcberfordern h\u00e4ufig BeraterInnen und TherapeutInnen ebenso [&hellip;]<\/p>\n","protected":false},"author":1,"featured_media":0,"comment_status":"open","ping_status":"open","sticky":false,"template":"","format":"standard","meta":[],"categories":[163,182],"tags":[197],"_links":{"self":[{"href":"https:\/\/vaeter-und-karriere.de\/blog\/index.php\/wp-json\/wp\/v2\/posts\/9219"}],"collection":[{"href":"https:\/\/vaeter-und-karriere.de\/blog\/index.php\/wp-json\/wp\/v2\/posts"}],"about":[{"href":"https:\/\/vaeter-und-karriere.de\/blog\/index.php\/wp-json\/wp\/v2\/types\/post"}],"author":[{"embeddable":true,"href":"https:\/\/vaeter-und-karriere.de\/blog\/index.php\/wp-json\/wp\/v2\/users\/1"}],"replies":[{"embeddable":true,"href":"https:\/\/vaeter-und-karriere.de\/blog\/index.php\/wp-json\/wp\/v2\/comments?post=9219"}],"version-history":[{"count":1,"href":"https:\/\/vaeter-und-karriere.de\/blog\/index.php\/wp-json\/wp\/v2\/posts\/9219\/revisions"}],"predecessor-version":[{"id":9220,"href":"https:\/\/vaeter-und-karriere.de\/blog\/index.php\/wp-json\/wp\/v2\/posts\/9219\/revisions\/9220"}],"wp:attachment":[{"href":"https:\/\/vaeter-und-karriere.de\/blog\/index.php\/wp-json\/wp\/v2\/media?parent=9219"}],"wp:term":[{"taxonomy":"category","embeddable":true,"href":"https:\/\/vaeter-und-karriere.de\/blog\/index.php\/wp-json\/wp\/v2\/categories?post=9219"},{"taxonomy":"post_tag","embeddable":true,"href":"https:\/\/vaeter-und-karriere.de\/blog\/index.php\/wp-json\/wp\/v2\/tags?post=9219"}],"curies":[{"name":"wp","href":"https:\/\/api.w.org\/{rel}","templated":true}]}}