{"id":9148,"date":"2017-05-24T15:35:05","date_gmt":"2017-05-24T15:35:05","guid":{"rendered":"http:\/\/vaeter-und-karriere.de\/blog\/?p=9148"},"modified":"2017-06-22T15:37:14","modified_gmt":"2017-06-22T15:37:14","slug":"eu-kommission-will-vater-starken","status":"publish","type":"post","link":"https:\/\/vaeter-und-karriere.de\/blog\/index.php\/2017\/05\/24\/eu-kommission-will-vater-starken\/","title":{"rendered":"EU-Kommission will V\u00e4ter st\u00e4rken"},"content":{"rendered":"<p>Im Rahmen der Verwirklichung der \u201e<a href=\"http:\/\/europa.eu\/rapid\/press-release_IP-17-1006_de.htm \" target=\"_blank\">europ\u00e4ischen S\u00e4ule sozialer Rechte<\/a>&#8220; schl\u00e4gt die EU-Kommission die Einf\u00fchrung von neuen oder h\u00f6heren Mindeststandards zur besseren Vereinbarkeit von Beruf und Privatleben vor. Dazu soll unter anderem ein neues Recht f\u00fcr V\u00e4ter auf Tage Freistellung bei der Geburt eines Kindes geh\u00f6ren. Der bestehende Anspruch auf vier Monate Elternzeit soll au\u00dferdem f\u00fcr Kinder im Alter von bis zw\u00f6lf Jahren statt wie bisher bis acht Jahren gelten.<\/p>\n<p>Die Elternzeit soll nach den Pl\u00e4nen der Kommission ein individueller Anspruch f\u00fcr M\u00fctter und V\u00e4ter werden, der nicht mehr auf den anderen Elternteil \u00fcbertragen werden kann. So soll ein starker Anreiz f\u00fcr V\u00e4ter geschaffen werden, diese M\u00f6glichkeit ebenfalls zu nutzen.<\/p>\n<p>Der Vorschlag sieht auch vor, einen Urlaub f\u00fcr pflegende Angeh\u00f6rige von f\u00fcnf Tagen bei Erkrankung direkter Angeh\u00f6riger einzuf\u00fchren. Die familienbezogenen Urlaubsregelungen werden zumindest in H\u00f6he des Krankengelds verg\u00fctet. Eltern von Kindern bis zw\u00f6lf Jahren und pflegende Angeh\u00f6rige solle das Recht einger\u00e4umt werden, flexible Arbeitsregelungen zu beantragen, wie reduzierte oder flexible Arbeitszeiten oder Telearbeit.<\/p>\n<p>Die vorgeschlagenen Ma\u00dfnahmen sollen insbesondere M\u00e4nnern mehr M\u00f6glichkeiten geben, Eltern- und Pflegeverantwortung wahrzunehmen. Dies kommt den Kindern zugute und f\u00f6rdert die Erwerbsbeteiligung von Frauen, verringert dadurch den Unterschied zwischen Frauen und M\u00e4nnern bei der Besch\u00e4ftigung, der 2015 noch bei 11,6 Prozentpunkten und bei Familien mit kleinen Kindern unter sechs Jahren sogar bei 30 Prozentpunkten lag.<\/p>\n<p><a href=\"http:\/\/www.vaeter-in-niedersachsen.de\/index.cfm?uuid=8219F8F29485761B58BE81F251EFDEAD\" target=\"_blank\">Quelle<\/a><\/p>\n","protected":false},"excerpt":{"rendered":"<p>Im Rahmen der Verwirklichung der \u201eeurop\u00e4ischen S\u00e4ule sozialer Rechte&#8220; schl\u00e4gt die EU-Kommission die Einf\u00fchrung von neuen oder h\u00f6heren Mindeststandards zur besseren Vereinbarkeit von Beruf und Privatleben vor. Dazu soll unter anderem ein neues Recht f\u00fcr V\u00e4ter auf Tage Freistellung bei der Geburt eines Kindes geh\u00f6ren. Der bestehende Anspruch auf vier Monate Elternzeit soll au\u00dferdem f\u00fcr [&hellip;]<\/p>\n","protected":false},"author":1,"featured_media":0,"comment_status":"open","ping_status":"open","sticky":false,"template":"","format":"standard","meta":[],"categories":[2,38],"tags":[91,116],"_links":{"self":[{"href":"https:\/\/vaeter-und-karriere.de\/blog\/index.php\/wp-json\/wp\/v2\/posts\/9148"}],"collection":[{"href":"https:\/\/vaeter-und-karriere.de\/blog\/index.php\/wp-json\/wp\/v2\/posts"}],"about":[{"href":"https:\/\/vaeter-und-karriere.de\/blog\/index.php\/wp-json\/wp\/v2\/types\/post"}],"author":[{"embeddable":true,"href":"https:\/\/vaeter-und-karriere.de\/blog\/index.php\/wp-json\/wp\/v2\/users\/1"}],"replies":[{"embeddable":true,"href":"https:\/\/vaeter-und-karriere.de\/blog\/index.php\/wp-json\/wp\/v2\/comments?post=9148"}],"version-history":[{"count":1,"href":"https:\/\/vaeter-und-karriere.de\/blog\/index.php\/wp-json\/wp\/v2\/posts\/9148\/revisions"}],"predecessor-version":[{"id":9149,"href":"https:\/\/vaeter-und-karriere.de\/blog\/index.php\/wp-json\/wp\/v2\/posts\/9148\/revisions\/9149"}],"wp:attachment":[{"href":"https:\/\/vaeter-und-karriere.de\/blog\/index.php\/wp-json\/wp\/v2\/media?parent=9148"}],"wp:term":[{"taxonomy":"category","embeddable":true,"href":"https:\/\/vaeter-und-karriere.de\/blog\/index.php\/wp-json\/wp\/v2\/categories?post=9148"},{"taxonomy":"post_tag","embeddable":true,"href":"https:\/\/vaeter-und-karriere.de\/blog\/index.php\/wp-json\/wp\/v2\/tags?post=9148"}],"curies":[{"name":"wp","href":"https:\/\/api.w.org\/{rel}","templated":true}]}}