{"id":9126,"date":"2017-04-23T07:19:16","date_gmt":"2017-04-23T07:19:16","guid":{"rendered":"http:\/\/vaeter-und-karriere.de\/blog\/?p=9126"},"modified":"2017-05-29T07:29:27","modified_gmt":"2017-05-29T07:29:27","slug":"papaswork-im-gesprach","status":"publish","type":"post","link":"https:\/\/vaeter-und-karriere.de\/blog\/index.php\/2017\/04\/23\/papaswork-im-gesprach\/","title":{"rendered":"Papas@work im Gespr\u00e4ch"},"content":{"rendered":"<p>&#8222;Hans-Georg Nelles betreibt den wohl umfangreichsten Blog zum Thema Vatersein im deutschsprachigen Raum: den <strong>V\u00e4terblog<\/strong>.  Er ist Sozialwissenschaftler, Erwachsenenbilder und  Organisationsberater und hat viele Projekte im Themenfeld \u201eVereinbarkeit  von Arbeit und Leben\u201c durchgef\u00fchrt. Er ist Vater von drei mittlerweile  erwachsenen Kindern.&#8220;<\/p>\n<p><a href=\"http:\/\/www.papas-at-work.de\/\" target=\"_blank\">Stefan Mantel<\/a> hat mit mir \u00fcber die Entwicklung der Elternzeit und des  Elterngeldes, den Unterschied zwischen Deutschland und anderen L\u00e4ndern  im Bezug auf Vereinbarkeit von Beruf und Familie und \u00fcber  Aushandlungprozesse auf Paarebene gesprochen. Der erste Teil des Interviews las Podcast ist hier zu <a href=\"http:\/\/media.blubrry.com\/papasatwork\/p\/1m2konh.podcaster.de\/download\/009_Hans-Georg_Nelles.mp3\" target=\"_blank\">h\u00f6ren<\/a>.<\/p>\n<p><a href=\"http:\/\/www.papas-at-work.de\/hans-georg-nelles\/ \" target=\"_blank\">Quelle<\/a><\/p>\n","protected":false},"excerpt":{"rendered":"<p>&#8222;Hans-Georg Nelles betreibt den wohl umfangreichsten Blog zum Thema Vatersein im deutschsprachigen Raum: den V\u00e4terblog. Er ist Sozialwissenschaftler, Erwachsenenbilder und Organisationsberater und hat viele Projekte im Themenfeld \u201eVereinbarkeit von Arbeit und Leben\u201c durchgef\u00fchrt. Er ist Vater von drei mittlerweile erwachsenen Kindern.&#8220; Stefan Mantel hat mit mir \u00fcber die Entwicklung der Elternzeit und des Elterngeldes, den [&hellip;]<\/p>\n","protected":false},"author":1,"featured_media":0,"comment_status":"open","ping_status":"open","sticky":false,"template":"","format":"standard","meta":[],"categories":[43,42],"tags":[273],"_links":{"self":[{"href":"https:\/\/vaeter-und-karriere.de\/blog\/index.php\/wp-json\/wp\/v2\/posts\/9126"}],"collection":[{"href":"https:\/\/vaeter-und-karriere.de\/blog\/index.php\/wp-json\/wp\/v2\/posts"}],"about":[{"href":"https:\/\/vaeter-und-karriere.de\/blog\/index.php\/wp-json\/wp\/v2\/types\/post"}],"author":[{"embeddable":true,"href":"https:\/\/vaeter-und-karriere.de\/blog\/index.php\/wp-json\/wp\/v2\/users\/1"}],"replies":[{"embeddable":true,"href":"https:\/\/vaeter-und-karriere.de\/blog\/index.php\/wp-json\/wp\/v2\/comments?post=9126"}],"version-history":[{"count":1,"href":"https:\/\/vaeter-und-karriere.de\/blog\/index.php\/wp-json\/wp\/v2\/posts\/9126\/revisions"}],"predecessor-version":[{"id":9127,"href":"https:\/\/vaeter-und-karriere.de\/blog\/index.php\/wp-json\/wp\/v2\/posts\/9126\/revisions\/9127"}],"wp:attachment":[{"href":"https:\/\/vaeter-und-karriere.de\/blog\/index.php\/wp-json\/wp\/v2\/media?parent=9126"}],"wp:term":[{"taxonomy":"category","embeddable":true,"href":"https:\/\/vaeter-und-karriere.de\/blog\/index.php\/wp-json\/wp\/v2\/categories?post=9126"},{"taxonomy":"post_tag","embeddable":true,"href":"https:\/\/vaeter-und-karriere.de\/blog\/index.php\/wp-json\/wp\/v2\/tags?post=9126"}],"curies":[{"name":"wp","href":"https:\/\/api.w.org\/{rel}","templated":true}]}}