{"id":9073,"date":"2017-02-11T10:18:57","date_gmt":"2017-02-11T10:18:57","guid":{"rendered":"http:\/\/vaeter-und-karriere.de\/blog\/?p=9073"},"modified":"2017-02-17T10:29:20","modified_gmt":"2017-02-17T10:29:20","slug":"guter-papa-boser-papa","status":"publish","type":"post","link":"https:\/\/vaeter-und-karriere.de\/blog\/index.php\/2017\/02\/11\/guter-papa-boser-papa\/","title":{"rendered":"Guter Papa, b\u00f6ser Papa"},"content":{"rendered":"<p><a href=\"http:\/\/vaeter-und-karriere.de\/blog\/wp-content\/uploads\/2017\/02\/guterpapaboeserpapa.png\"><img loading=\"lazy\" class=\"alignnone size-large wp-image-9074\" title=\"guterpapaboeserpapa\" src=\"http:\/\/vaeter-und-karriere.de\/blog\/wp-content\/uploads\/2017\/02\/guterpapaboeserpapa-1024x576.png\" alt=\"guterpapaboeserpapa\" width=\"737\" height=\"415\" srcset=\"https:\/\/vaeter-und-karriere.de\/blog\/wp-content\/uploads\/2017\/02\/guterpapaboeserpapa-1024x576.png 1024w, https:\/\/vaeter-und-karriere.de\/blog\/wp-content\/uploads\/2017\/02\/guterpapaboeserpapa-300x168.png 300w, https:\/\/vaeter-und-karriere.de\/blog\/wp-content\/uploads\/2017\/02\/guterpapaboeserpapa.png 1163w\" sizes=\"(max-width: 737px) 100vw, 737px\" \/><\/a><\/p>\n<p>Er wurde als Junge geschlagen, als Jugendlicher gewaltt\u00e4tig, nun hat er selbst vier S\u00f6hne. Was muss passieren, damit V\u00e4ter, die in kaputten Familien aufgewachsen sind, die erlebte Gewalt nicht an ihre Kinder weitergeben?<\/p>\n<p>Wenn Manuel erz\u00e4hlt, wie der Lebenspartner seiner Mutter ihn als Kind geschlagen hat, dann zeigt er auf drei Stellen an seinem K\u00f6rper: auf den Sch\u00e4del, die Wangen und die Brust. Er sagt: &#8222;Gr\u00fcn und blau.&#8220;<\/p>\n<p>Manuel war 8, als es losging. Mit 14 schickte ihn das Jugendamt in eine betreute Wohngemeinschaft, von dort in eine Pflegefamilie und wieder zur\u00fcck zur Mutter. Bald begann Manuel selbst zu pr\u00fcgeln. Mit 15 sa\u00df er zum ersten Mal in Jugendhaft, sp\u00e4ter, vollj\u00e4hrig, weitere zwei Male im Gef\u00e4ngnis. Seine Taten: Volksverhetzung, Beamtenbeleidigung, K\u00f6rperverletzung. Der Achtj\u00e4hrige von damals hatte sich gemerkt, wie man draufhaut.<\/p>\n<p>Manuel, der in Wirklichkeit anders hei\u00dft, ist heute 32 Jahre alt. Sein Kopf ist kahl rasiert, in einem schwarzen Kapuzenshirt sitzt er am K\u00fcchentisch in seiner Wohnung und raucht. Im Sp\u00fclbecken hinter ihm stehen die M\u00fcslischalen der Kinder vom Fr\u00fchst\u00fcck.<\/p>\n<p>Manuel lebt mit seiner Frau in einer kleinen Stadt am Rande des Ruhrgebiets. Er hat vier S\u00f6hne, zwei eigene und zwei aus der ersten Beziehung seiner Frau. Viele Jahre lang wuchsen die Jungs woanders auf; das Jugendamt brachte sie in Pflegefamilien unter. Zurzeit wohnen die beiden \u00e4lteren Kinder wieder zu Hause. Was war geschehen? Hat Manuel zugeschlagen? Geht es f\u00fcr seine S\u00f6hne so weiter wie damals f\u00fcr ihn?<\/p>\n<p>Ein Bericht \u00fcber ein spannendes <a href=\"https:\/\/www.facebook.com\/vaeterprojekt\/\" target=\"_blank\">Projekt<\/a> an der TH Dortmund.<\/p>\n<p><a href=\"http:\/\/www.spiegel.de\/spiegel\/gewalt-wie-maenner-aus-zerruetteten-familien-selbst-gute-vaeter-werden-koennen-a-1134390.html \" target=\"_blank\">Quelle<\/a><\/p>\n","protected":false},"excerpt":{"rendered":"<p>Er wurde als Junge geschlagen, als Jugendlicher gewaltt\u00e4tig, nun hat er selbst vier S\u00f6hne. Was muss passieren, damit V\u00e4ter, die in kaputten Familien aufgewachsen sind, die erlebte Gewalt nicht an ihre Kinder weitergeben? Wenn Manuel erz\u00e4hlt, wie der Lebenspartner seiner Mutter ihn als Kind geschlagen hat, dann zeigt er auf drei Stellen an seinem K\u00f6rper: [&hellip;]<\/p>\n","protected":false},"author":1,"featured_media":0,"comment_status":"open","ping_status":"open","sticky":false,"template":"","format":"standard","meta":[],"categories":[20,165,24],"tags":[82],"_links":{"self":[{"href":"https:\/\/vaeter-und-karriere.de\/blog\/index.php\/wp-json\/wp\/v2\/posts\/9073"}],"collection":[{"href":"https:\/\/vaeter-und-karriere.de\/blog\/index.php\/wp-json\/wp\/v2\/posts"}],"about":[{"href":"https:\/\/vaeter-und-karriere.de\/blog\/index.php\/wp-json\/wp\/v2\/types\/post"}],"author":[{"embeddable":true,"href":"https:\/\/vaeter-und-karriere.de\/blog\/index.php\/wp-json\/wp\/v2\/users\/1"}],"replies":[{"embeddable":true,"href":"https:\/\/vaeter-und-karriere.de\/blog\/index.php\/wp-json\/wp\/v2\/comments?post=9073"}],"version-history":[{"count":1,"href":"https:\/\/vaeter-und-karriere.de\/blog\/index.php\/wp-json\/wp\/v2\/posts\/9073\/revisions"}],"predecessor-version":[{"id":9075,"href":"https:\/\/vaeter-und-karriere.de\/blog\/index.php\/wp-json\/wp\/v2\/posts\/9073\/revisions\/9075"}],"wp:attachment":[{"href":"https:\/\/vaeter-und-karriere.de\/blog\/index.php\/wp-json\/wp\/v2\/media?parent=9073"}],"wp:term":[{"taxonomy":"category","embeddable":true,"href":"https:\/\/vaeter-und-karriere.de\/blog\/index.php\/wp-json\/wp\/v2\/categories?post=9073"},{"taxonomy":"post_tag","embeddable":true,"href":"https:\/\/vaeter-und-karriere.de\/blog\/index.php\/wp-json\/wp\/v2\/tags?post=9073"}],"curies":[{"name":"wp","href":"https:\/\/api.w.org\/{rel}","templated":true}]}}