{"id":9066,"date":"2017-01-08T12:43:52","date_gmt":"2017-01-08T12:43:52","guid":{"rendered":"http:\/\/vaeter-und-karriere.de\/blog\/?p=9066"},"modified":"2017-02-15T12:45:32","modified_gmt":"2017-02-15T12:45:32","slug":"ziemlich-bester-vater","status":"publish","type":"post","link":"https:\/\/vaeter-und-karriere.de\/blog\/index.php\/2017\/01\/08\/ziemlich-bester-vater\/","title":{"rendered":"Ziemlich bester Vater?"},"content":{"rendered":"<p>Seit dem 5. Januar im Kino:<\/p>\n<p><iframe loading=\"lazy\" width=\"854\" height=\"480\" src=\"https:\/\/www.youtube.com\/embed\/fp_HmxtYQzo\" frameborder=\"0\" allowfullscreen><\/iframe><\/p>\n<p>Samuel (Omar Sy) lebt in S\u00fcdfrankreich in den Tag hinein, genie\u00dft das Single-Dasein und geht jeder Verpflichtung und Verantwortung aus dem Weg. Sein s\u00fc\u00dfes Leben wird jedoch unerwartet gest\u00f6rt, als seine Ex Kristin auftaucht und ihm seine kleine Tochter Gloria pr\u00e4sentiert, von deren Existenz Samuel bislang nichts wusste. Als Kristin sich \u00fcber Nacht wieder aus dem Staub macht, l\u00e4sst sie das Baby in Samuels Obhut zur\u00fcck, der \u00fcberhaupt nicht einsieht, warum er sich nun allein um das Kind k\u00fcmmern soll.<\/p>\n<p>Er reist nach London, um die verschwundene Mutter zu suchen \u2013 erfolglos. Acht Jahre sp\u00e4ter lebt Samuel mit Gloria in London und die beiden sind inzwischen unzertrennlich. Nie h\u00e4tte der einstige Lebemann gedacht, dass er eines Tages einem geregelten Job nachgehen und Verantwortung \u00fcbernehmen w\u00fcrde. Doch inzwischen ist er \u00fcbergl\u00fccklich, Glorias Vater zu sein. Aber dann erscheint Kristin auf der Bildfl\u00e4che und fordert ihr Kind zur\u00fcck \u2026<\/p>\n<p><a href=\"http:\/\/www.filmstarts.de\/kritiken\/240944.html \" target=\"_blank\">Quelle<\/a><\/p>\n","protected":false},"excerpt":{"rendered":"<p>Seit dem 5. Januar im Kino: Samuel (Omar Sy) lebt in S\u00fcdfrankreich in den Tag hinein, genie\u00dft das Single-Dasein und geht jeder Verpflichtung und Verantwortung aus dem Weg. Sein s\u00fc\u00dfes Leben wird jedoch unerwartet gest\u00f6rt, als seine Ex Kristin auftaucht und ihm seine kleine Tochter Gloria pr\u00e4sentiert, von deren Existenz Samuel bislang nichts wusste. Als [&hellip;]<\/p>\n","protected":false},"author":1,"featured_media":0,"comment_status":"open","ping_status":"open","sticky":false,"template":"","format":"standard","meta":[],"categories":[43,24],"tags":[221],"_links":{"self":[{"href":"https:\/\/vaeter-und-karriere.de\/blog\/index.php\/wp-json\/wp\/v2\/posts\/9066"}],"collection":[{"href":"https:\/\/vaeter-und-karriere.de\/blog\/index.php\/wp-json\/wp\/v2\/posts"}],"about":[{"href":"https:\/\/vaeter-und-karriere.de\/blog\/index.php\/wp-json\/wp\/v2\/types\/post"}],"author":[{"embeddable":true,"href":"https:\/\/vaeter-und-karriere.de\/blog\/index.php\/wp-json\/wp\/v2\/users\/1"}],"replies":[{"embeddable":true,"href":"https:\/\/vaeter-und-karriere.de\/blog\/index.php\/wp-json\/wp\/v2\/comments?post=9066"}],"version-history":[{"count":1,"href":"https:\/\/vaeter-und-karriere.de\/blog\/index.php\/wp-json\/wp\/v2\/posts\/9066\/revisions"}],"predecessor-version":[{"id":9067,"href":"https:\/\/vaeter-und-karriere.de\/blog\/index.php\/wp-json\/wp\/v2\/posts\/9066\/revisions\/9067"}],"wp:attachment":[{"href":"https:\/\/vaeter-und-karriere.de\/blog\/index.php\/wp-json\/wp\/v2\/media?parent=9066"}],"wp:term":[{"taxonomy":"category","embeddable":true,"href":"https:\/\/vaeter-und-karriere.de\/blog\/index.php\/wp-json\/wp\/v2\/categories?post=9066"},{"taxonomy":"post_tag","embeddable":true,"href":"https:\/\/vaeter-und-karriere.de\/blog\/index.php\/wp-json\/wp\/v2\/tags?post=9066"}],"curies":[{"name":"wp","href":"https:\/\/api.w.org\/{rel}","templated":true}]}}