{"id":8834,"date":"2016-05-09T18:27:02","date_gmt":"2016-05-09T18:27:02","guid":{"rendered":"http:\/\/vaeter-und-karriere.de\/blog\/?p=8834"},"modified":"2016-05-12T18:29:53","modified_gmt":"2016-05-12T18:29:53","slug":"chancen-und-grenzen-des-vaterseins","status":"publish","type":"post","link":"https:\/\/vaeter-und-karriere.de\/blog\/index.php\/2016\/05\/09\/chancen-und-grenzen-des-vaterseins\/","title":{"rendered":"Chancen und Grenzen des Vaterseins"},"content":{"rendered":"<p>Bis in die 1960er Jahre war die Rollenaufteilung zwischen Vater und Mutter klar geregelt: Der Vater war Ern\u00e4hrer und autorit\u00e4re Respektsperson. Die Frau k\u00fcmmerte sich um die Erziehung und Versorgung der Kinder, um alles Emotionale und den Haushalt. Dieses Rollenverst\u00e4ndnis gilt l\u00e4ngst als \u00fcberholt. Angestossen durch die Emanzipation der Frau wollen sich die V\u00e4ter nicht mehr auf die Rolle des Ern\u00e4hrers reduzieren lassen.<\/p>\n<div id=\"attachment_8835\" style=\"width: 665px\" class=\"wp-caption alignnone\"><a href=\"http:\/\/vaeter-und-karriere.de\/blog\/wp-content\/uploads\/2016\/05\/Superpapa.jpg\"><img aria-describedby=\"caption-attachment-8835\" loading=\"lazy\" class=\"size-large wp-image-8835 \" title=\"Superpapa\" src=\"http:\/\/vaeter-und-karriere.de\/blog\/wp-content\/uploads\/2016\/05\/Superpapa-1024x576.jpg\" alt=\"Superpapa\" width=\"655\" height=\"369\" srcset=\"https:\/\/vaeter-und-karriere.de\/blog\/wp-content\/uploads\/2016\/05\/Superpapa-1024x576.jpg 1024w, https:\/\/vaeter-und-karriere.de\/blog\/wp-content\/uploads\/2016\/05\/Superpapa-300x168.jpg 300w, https:\/\/vaeter-und-karriere.de\/blog\/wp-content\/uploads\/2016\/05\/Superpapa.jpg 1920w\" sizes=\"(max-width: 655px) 100vw, 655px\" \/><\/a><p id=\"caption-attachment-8835\" class=\"wp-caption-text\">Copyright SRF\/3sat\/Elke Baulig<\/p><\/div>\n<p>Sie wollen anders sein wie ihre eigenen V\u00e4ter: engagiert, f\u00fcrsorglich, einf\u00fchlsam. Und sie wollen Zeit f\u00fcr ihre Kinder haben. Doch zwischen Wunsch und Wirklichkeit klafft eine L\u00fccke: Laut einer aktuellen Studie des Deutschen Jugendinstituts sind nur 16 Prozent der deutschen V\u00e4ter \u00fcberdurchschnittlich aktiv. Nur 5 Prozent der berufst\u00e4tigen V\u00e4ter arbeiten Teilzeit.<\/p>\n<p>Zwar beansprucht inzwischen mehr als jeder dritte Vater Elterngeld, doch 80 Prozent der V\u00e4ter kehren nach zwei Monaten wieder zur\u00fcck in den Vollzeitjob. Warum ist das so? Das nano-Spezial \u201eSuper-Papa. Von den Chancen und Grenzen des Vaterseins\u201c sucht bei Soziologen, Psychologen und Biologen nach Antworten. Und liefert gute Gr\u00fcnde warum sich v\u00e4terliches Engagement sowohl f\u00fcr die Papas wie f\u00fcr ihre Kinder lohnt.<\/p>\n<p>Das nano-Spezial findet im Rahmen des 3sat-Schwerpunkts \u201eM\u00e4nner und V\u00e4ter\u201c statt: Sendedatum: 18. Mai 2016, um 18.30 Uhr, 3sat und im Anschluss auf <a href=\"http:\/\/www.nano.de\">www.nano.de<\/a><\/p>\n<p><a href=\"http:\/\/www.3sat.de\/page\/?source=\/specials\/186778\/index.html \" target=\"_blank\">Quelle<\/a><\/p>\n","protected":false},"excerpt":{"rendered":"<p>Bis in die 1960er Jahre war die Rollenaufteilung zwischen Vater und Mutter klar geregelt: Der Vater war Ern\u00e4hrer und autorit\u00e4re Respektsperson. Die Frau k\u00fcmmerte sich um die Erziehung und Versorgung der Kinder, um alles Emotionale und den Haushalt. Dieses Rollenverst\u00e4ndnis gilt l\u00e4ngst als \u00fcberholt. Angestossen durch die Emanzipation der Frau wollen sich die V\u00e4ter nicht [&hellip;]<\/p>\n","protected":false},"author":1,"featured_media":0,"comment_status":"open","ping_status":"open","sticky":false,"template":"","format":"standard","meta":[],"categories":[19,24],"tags":[],"_links":{"self":[{"href":"https:\/\/vaeter-und-karriere.de\/blog\/index.php\/wp-json\/wp\/v2\/posts\/8834"}],"collection":[{"href":"https:\/\/vaeter-und-karriere.de\/blog\/index.php\/wp-json\/wp\/v2\/posts"}],"about":[{"href":"https:\/\/vaeter-und-karriere.de\/blog\/index.php\/wp-json\/wp\/v2\/types\/post"}],"author":[{"embeddable":true,"href":"https:\/\/vaeter-und-karriere.de\/blog\/index.php\/wp-json\/wp\/v2\/users\/1"}],"replies":[{"embeddable":true,"href":"https:\/\/vaeter-und-karriere.de\/blog\/index.php\/wp-json\/wp\/v2\/comments?post=8834"}],"version-history":[{"count":1,"href":"https:\/\/vaeter-und-karriere.de\/blog\/index.php\/wp-json\/wp\/v2\/posts\/8834\/revisions"}],"predecessor-version":[{"id":8836,"href":"https:\/\/vaeter-und-karriere.de\/blog\/index.php\/wp-json\/wp\/v2\/posts\/8834\/revisions\/8836"}],"wp:attachment":[{"href":"https:\/\/vaeter-und-karriere.de\/blog\/index.php\/wp-json\/wp\/v2\/media?parent=8834"}],"wp:term":[{"taxonomy":"category","embeddable":true,"href":"https:\/\/vaeter-und-karriere.de\/blog\/index.php\/wp-json\/wp\/v2\/categories?post=8834"},{"taxonomy":"post_tag","embeddable":true,"href":"https:\/\/vaeter-und-karriere.de\/blog\/index.php\/wp-json\/wp\/v2\/tags?post=8834"}],"curies":[{"name":"wp","href":"https:\/\/api.w.org\/{rel}","templated":true}]}}