{"id":8764,"date":"2016-01-24T10:37:25","date_gmt":"2016-01-24T10:37:25","guid":{"rendered":"http:\/\/vaeter-und-karriere.de\/blog\/?p=8764"},"modified":"2016-01-24T10:37:25","modified_gmt":"2016-01-24T10:37:25","slug":"manner-ch-hat-einen-neuen-prasidenten","status":"publish","type":"post","link":"https:\/\/vaeter-und-karriere.de\/blog\/index.php\/2016\/01\/24\/manner-ch-hat-einen-neuen-prasidenten\/","title":{"rendered":"m\u00e4nner.ch hat einen neuen Pr\u00e4sidenten"},"content":{"rendered":"<p><a href=\"http:\/\/www.maenner.ch\/sites\/default\/files\/styles\/kampa_style_content\/public\/praes.jpg?itok=L2aG5rXL \"><img loading=\"lazy\" class=\"alignright\" src=\"http:\/\/www.maenner.ch\/sites\/default\/files\/styles\/kampa_style_content\/public\/praes.jpg?itok=L2aG5rXL \" alt=\"\" width=\"240\" height=\"180\" \/><\/a>Einstimmig\u00a0hat die Mitgliederversammlung vom 23. Januar 2016 den 48-j\u00e4hrigen Berner Markus Gygli (links im Bild)\u00a0zum neuen Pr\u00e4sidenten von m\u00e4nner.ch gew\u00e4hlt.\u00a0Das Engagement von Gr\u00fcndungspr\u00e4sident\u00a0Markus Theunert\u00a0wurde mit lang anhaltendem Applaus verdankt. Gleichzeitig haben die Mitglieder beschlossen, die Lancierung einer Volksinitiative f\u00fcr 20 Tage Vaterschaftsurlaub mitzutragen.<\/p>\n<p>m\u00e4nner.ch, der Dachverband der Schweizer M\u00e4nner- und V\u00e4terorganisationen, wurde am 28. Juni 2005 als Stimme jener M\u00e4nner gegr\u00fcndet, die darum besorgt sind, dass Buben, M\u00e4nner und V\u00e4ter den Gleichstellungsprozess nicht verschlafen\u00a0und ihn aktiv mitgestalten.<\/p>\n<p>Ohne Gegenstimme\u00a0haben die Mitglieder von m\u00e4nner.ch\u00a0Markus Gygli an der a.o. Mitgliederversammlung vom 23. Januar 2016 zum neuen Pr\u00e4sidenten von m\u00e4nner.ch gew\u00e4hlt. Markus Gygli\u00a0ist seit Gr\u00fcndung von m\u00e4nner.ch Mitglied des Vorstands (seit 2015 Vize-Pr\u00e4sident) und vertritt m\u00e4nner.ch seit 2013 in der Eidgen\u00f6ssischen Kommission f\u00fcr Frauenfragen. Beruflich ist der Familienvater in der Kaderentwicklung\u00a0der\u00a0SBB t\u00e4tig.<\/p>\n<p>Gr\u00fcndungspr\u00e4sident Markus Theunert ist von seiner Funktion zur\u00fcck getreten, um als erster Generalsekret\u00e4r der Organisation die operative Leitung des Dachverbands zu \u00fcbernehmen. Er wurde mit lang anhaltendem Applaus verabschiedet und in seiner neuen Aufgabe willkommen gehei\u00dfen. Neuer Vize-Pr\u00e4sident wird Daniel Seeholzer. Als neues Vorstandmitglied wurde zudem Jean-Daniel Strub gew\u00e4hlt.<\/p>\n<p>Gleichentags\u00a0haben die Mitglieder einstimmig (mit einer Enthaltung)\u00a0dem Antrag des Vorstands zugestimmt, gemeinsam mit TravailSuisse und weiteren Organisationen eine Eidgen\u00f6ssische Volksinitiative zur gesetzlichen Verankerung eines 20-t\u00e4gigen Vaterschaftsurlaubs zu ergreifen. Die Unterschriftensammlung soll im Mai starten.<\/p>\n<p><a href=\"http:\/\/www.maenner.ch\/de\/news\/2016-01-23-markus-gygli-ist-neuer-maennerch-praesident \" target=\"_blank\">Quelle<\/a><\/p>\n","protected":false},"excerpt":{"rendered":"<p>Einstimmig\u00a0hat die Mitgliederversammlung vom 23. Januar 2016 den 48-j\u00e4hrigen Berner Markus Gygli (links im Bild)\u00a0zum neuen Pr\u00e4sidenten von m\u00e4nner.ch gew\u00e4hlt.\u00a0Das Engagement von Gr\u00fcndungspr\u00e4sident\u00a0Markus Theunert\u00a0wurde mit lang anhaltendem Applaus verdankt. Gleichzeitig haben die Mitglieder beschlossen, die Lancierung einer Volksinitiative f\u00fcr 20 Tage Vaterschaftsurlaub mitzutragen. m\u00e4nner.ch, der Dachverband der Schweizer M\u00e4nner- und V\u00e4terorganisationen, wurde am 28. Juni [&hellip;]<\/p>\n","protected":false},"author":1,"featured_media":0,"comment_status":"open","ping_status":"open","sticky":false,"template":"","format":"standard","meta":[],"categories":[33,6],"tags":[91],"_links":{"self":[{"href":"https:\/\/vaeter-und-karriere.de\/blog\/index.php\/wp-json\/wp\/v2\/posts\/8764"}],"collection":[{"href":"https:\/\/vaeter-und-karriere.de\/blog\/index.php\/wp-json\/wp\/v2\/posts"}],"about":[{"href":"https:\/\/vaeter-und-karriere.de\/blog\/index.php\/wp-json\/wp\/v2\/types\/post"}],"author":[{"embeddable":true,"href":"https:\/\/vaeter-und-karriere.de\/blog\/index.php\/wp-json\/wp\/v2\/users\/1"}],"replies":[{"embeddable":true,"href":"https:\/\/vaeter-und-karriere.de\/blog\/index.php\/wp-json\/wp\/v2\/comments?post=8764"}],"version-history":[{"count":1,"href":"https:\/\/vaeter-und-karriere.de\/blog\/index.php\/wp-json\/wp\/v2\/posts\/8764\/revisions"}],"predecessor-version":[{"id":8765,"href":"https:\/\/vaeter-und-karriere.de\/blog\/index.php\/wp-json\/wp\/v2\/posts\/8764\/revisions\/8765"}],"wp:attachment":[{"href":"https:\/\/vaeter-und-karriere.de\/blog\/index.php\/wp-json\/wp\/v2\/media?parent=8764"}],"wp:term":[{"taxonomy":"category","embeddable":true,"href":"https:\/\/vaeter-und-karriere.de\/blog\/index.php\/wp-json\/wp\/v2\/categories?post=8764"},{"taxonomy":"post_tag","embeddable":true,"href":"https:\/\/vaeter-und-karriere.de\/blog\/index.php\/wp-json\/wp\/v2\/tags?post=8764"}],"curies":[{"name":"wp","href":"https:\/\/api.w.org\/{rel}","templated":true}]}}