{"id":8629,"date":"2015-09-20T08:59:32","date_gmt":"2015-09-20T08:59:32","guid":{"rendered":"http:\/\/vaeter-und-karriere.de\/blog\/?p=8629"},"modified":"2015-09-22T09:03:09","modified_gmt":"2015-09-22T09:03:09","slug":"entrechtete-vater","status":"publish","type":"post","link":"https:\/\/vaeter-und-karriere.de\/blog\/index.php\/2015\/09\/20\/entrechtete-vater\/","title":{"rendered":"Entrechtete V\u00e4ter"},"content":{"rendered":"<p><a href=\"http:\/\/www.ardmediathek.de\/tv\/hessenschau\/Entrechtete-V%C3%A4ter\/hr-fernsehen\/Video?documentId=30682222&amp;bcastId=3301950\"><img loading=\"lazy\" class=\"alignnone size-full wp-image-8630\" title=\"hessenschau_Entrechtete-Vaeter_hr-fernsehen_Video\" src=\"http:\/\/vaeter-und-karriere.de\/blog\/wp-content\/uploads\/2015\/09\/hessenschau_Entrechtete-Vaeter_hr-fernsehen_Video.jpg\" alt=\"hessenschau_Entrechtete-Vaeter_hr-fernsehen_Video\" width=\"587\" height=\"328\" srcset=\"https:\/\/vaeter-und-karriere.de\/blog\/wp-content\/uploads\/2015\/09\/hessenschau_Entrechtete-Vaeter_hr-fernsehen_Video.jpg 978w, https:\/\/vaeter-und-karriere.de\/blog\/wp-content\/uploads\/2015\/09\/hessenschau_Entrechtete-Vaeter_hr-fernsehen_Video-300x167.jpg 300w\" sizes=\"(max-width: 587px) 100vw, 587px\" \/><\/a><\/p>\n<p>Am 20. September ist Weltkindertag. Kinder brauchen beide Eltern: Mutter und Vater. Wenn Eltern sich trennen, haben oft Mutter und Vater das Sorgerecht. Aber h\u00e4ufig ist es so, dass der Vater das Kind kaum sieht. In der hessenschau k\u00e4mpft ein Vater um seine Tochter. Der Film ist bis zum 27. September in der Mediathek verf\u00fcgbar.<\/p>\n<p><a href=\"http:\/\/www.ardmediathek.de\/tv\/hessenschau\/Entrechtete-V%C3%A4ter\/hr-fernsehen\/Video?documentId=30682222&amp;bcastId=3301950 \" target=\"_blank\">Quelle<\/a><\/p>\n","protected":false},"excerpt":{"rendered":"<p>Am 20. September ist Weltkindertag. Kinder brauchen beide Eltern: Mutter und Vater. Wenn Eltern sich trennen, haben oft Mutter und Vater das Sorgerecht. Aber h\u00e4ufig ist es so, dass der Vater das Kind kaum sieht. In der hessenschau k\u00e4mpft ein Vater um seine Tochter. Der Film ist bis zum 27. September in der Mediathek verf\u00fcgbar. [&hellip;]<\/p>\n","protected":false},"author":1,"featured_media":0,"comment_status":"open","ping_status":"open","sticky":false,"template":"","format":"standard","meta":[],"categories":[43,163,19,182],"tags":[275],"_links":{"self":[{"href":"https:\/\/vaeter-und-karriere.de\/blog\/index.php\/wp-json\/wp\/v2\/posts\/8629"}],"collection":[{"href":"https:\/\/vaeter-und-karriere.de\/blog\/index.php\/wp-json\/wp\/v2\/posts"}],"about":[{"href":"https:\/\/vaeter-und-karriere.de\/blog\/index.php\/wp-json\/wp\/v2\/types\/post"}],"author":[{"embeddable":true,"href":"https:\/\/vaeter-und-karriere.de\/blog\/index.php\/wp-json\/wp\/v2\/users\/1"}],"replies":[{"embeddable":true,"href":"https:\/\/vaeter-und-karriere.de\/blog\/index.php\/wp-json\/wp\/v2\/comments?post=8629"}],"version-history":[{"count":1,"href":"https:\/\/vaeter-und-karriere.de\/blog\/index.php\/wp-json\/wp\/v2\/posts\/8629\/revisions"}],"predecessor-version":[{"id":8631,"href":"https:\/\/vaeter-und-karriere.de\/blog\/index.php\/wp-json\/wp\/v2\/posts\/8629\/revisions\/8631"}],"wp:attachment":[{"href":"https:\/\/vaeter-und-karriere.de\/blog\/index.php\/wp-json\/wp\/v2\/media?parent=8629"}],"wp:term":[{"taxonomy":"category","embeddable":true,"href":"https:\/\/vaeter-und-karriere.de\/blog\/index.php\/wp-json\/wp\/v2\/categories?post=8629"},{"taxonomy":"post_tag","embeddable":true,"href":"https:\/\/vaeter-und-karriere.de\/blog\/index.php\/wp-json\/wp\/v2\/tags?post=8629"}],"curies":[{"name":"wp","href":"https:\/\/api.w.org\/{rel}","templated":true}]}}