{"id":8592,"date":"2015-09-03T10:27:58","date_gmt":"2015-09-03T10:27:58","guid":{"rendered":"http:\/\/vaeter-und-karriere.de\/blog\/?p=8592"},"modified":"2015-09-03T10:29:09","modified_gmt":"2015-09-03T10:29:09","slug":"mit-anfang-20-vater","status":"publish","type":"post","link":"https:\/\/vaeter-und-karriere.de\/blog\/index.php\/2015\/09\/03\/mit-anfang-20-vater\/","title":{"rendered":"Mit Anfang 20 Vater"},"content":{"rendered":"<p><a href=\"http:\/\/www1.wdr.de\/fernsehen\/information\/frautv\/alleine102_v-TeaserAufmacher.jpg\"><img loading=\"lazy\" class=\"alignright\" src=\"http:\/\/www1.wdr.de\/fernsehen\/information\/frautv\/alleine102_v-TeaserAufmacher.jpg\" alt=\"\" width=\"307\" height=\"173\" \/><\/a>Philipp wollte in die Fu\u00dfstapfen seiner drei \u00e4lteren Geschwister treten: Erst den Schulabschluss und dann ein Studium absolvieren. Eine Familie zu gr\u00fcnden, stand f\u00fcr ihn in weiter Ferne, wie f\u00fcr die meisten Jugendlichen. Doch mit 22 Jahren tr\u00e4gt er bereits Verantwortung als Vater einer 12 Monate alten Tochter. Sein Kind wirbelt sein Leben durcheinander &#8211; aber nicht als &#8222;Katastrophe&#8220;, sondern als gro\u00dfe Chance.<\/p>\n<p>Sein erstes Auto war f\u00fcr ihn, ein 18-j\u00e4hriger junger Mann, der auf dem Land lebt, etwas ganz Besonderes: gro\u00dfe Unabh\u00e4ngigkeit von den Eltern und die M\u00f6glichkeit zu jobben. Aber eines Nachts, wird es ihm zum Verh\u00e4ngnis. Er missachtet ein Stoppschild und kracht in einen unbeleuchteten LKW. Besonders schlimm: Er hatte sich nicht angeschnallt. Philipp erleidet schwerste Kopfverletzungen, seine Eltern bangen tagelang um sein Leben. Zum Gl\u00fcck \u00fcberlebt er. In einer langwierigen Rehabilitation muss er die einfachsten Dinge neu erlernen und sein Ged\u00e4chtnis rekonstruieren. Oft ist er deprimiert und macht sich schwere Vorw\u00fcrfe, leichtfertig gewesen zu sein.<\/p>\n<p>Sein neu geschenktes Leben genie\u00dft er. Auf einer Party lernt er eine junge h\u00fcbsche Frau kennen. Sie verlieben sich ineinander. Einige Monate sp\u00e4ter wird er aus seinen Tr\u00e4umen gerissen, als sie ihm mitteilt, dass sie schwanger ist. Zwanzig ist er da. Philipp empfand dies damals als wesentlich gr\u00f6\u00dfere Katastrophe als den Unfall. Schnell ist seiner Freundin klar: Sie will das Kind zur Welt bringen. Nach einer Woche Bedenkzeit beschlie\u00dft Philipp, seiner Freundin zur Seite zu stehen und immer f\u00fcr sein Kind da zu sein.<\/p>\n<p>Er muss seine Eltern, bei denen er ja noch lebt, einweihen. Vor allem vor der Reaktion seines Vaters hat er Angst. Zu seiner \u00dcberraschung ist seine Mutter keineswegs entsetzt. Und sein Vater lacht sogar. Sie freuen sich, dass er als j\u00fcngstes ihrer Kinder Vater wird. Das Enkelkind ist f\u00fcr sie ein positives Zeichen: eine neue Aufgabe, eine Chance. Und Philipp will die Herausforderung, Studium, Job und Vatersein zu vereinbaren, meistern.<\/p>\n<p>Der Beitrag von J\u00fcrgen Kura ist heute Abend zwischen 22.00 &#8211; 22.30\u00a0Uhr bei mannTV im WDR Fernsehen zu sehen.<\/p>\n<p><a href=\"http:\/\/www1.wdr.de\/fernsehen\/information\/frautv\/sendungen\/vater104.html \" target=\"_blank\">Quelle<\/a><\/p>\n","protected":false},"excerpt":{"rendered":"<p>Philipp wollte in die Fu\u00dfstapfen seiner drei \u00e4lteren Geschwister treten: Erst den Schulabschluss und dann ein Studium absolvieren. Eine Familie zu gr\u00fcnden, stand f\u00fcr ihn in weiter Ferne, wie f\u00fcr die meisten Jugendlichen. Doch mit 22 Jahren tr\u00e4gt er bereits Verantwortung als Vater einer 12 Monate alten Tochter. Sein Kind wirbelt sein Leben durcheinander &#8211; [&hellip;]<\/p>\n","protected":false},"author":1,"featured_media":0,"comment_status":"open","ping_status":"open","sticky":false,"template":"","format":"standard","meta":[],"categories":[43,246],"tags":[105],"_links":{"self":[{"href":"https:\/\/vaeter-und-karriere.de\/blog\/index.php\/wp-json\/wp\/v2\/posts\/8592"}],"collection":[{"href":"https:\/\/vaeter-und-karriere.de\/blog\/index.php\/wp-json\/wp\/v2\/posts"}],"about":[{"href":"https:\/\/vaeter-und-karriere.de\/blog\/index.php\/wp-json\/wp\/v2\/types\/post"}],"author":[{"embeddable":true,"href":"https:\/\/vaeter-und-karriere.de\/blog\/index.php\/wp-json\/wp\/v2\/users\/1"}],"replies":[{"embeddable":true,"href":"https:\/\/vaeter-und-karriere.de\/blog\/index.php\/wp-json\/wp\/v2\/comments?post=8592"}],"version-history":[{"count":2,"href":"https:\/\/vaeter-und-karriere.de\/blog\/index.php\/wp-json\/wp\/v2\/posts\/8592\/revisions"}],"predecessor-version":[{"id":8594,"href":"https:\/\/vaeter-und-karriere.de\/blog\/index.php\/wp-json\/wp\/v2\/posts\/8592\/revisions\/8594"}],"wp:attachment":[{"href":"https:\/\/vaeter-und-karriere.de\/blog\/index.php\/wp-json\/wp\/v2\/media?parent=8592"}],"wp:term":[{"taxonomy":"category","embeddable":true,"href":"https:\/\/vaeter-und-karriere.de\/blog\/index.php\/wp-json\/wp\/v2\/categories?post=8592"},{"taxonomy":"post_tag","embeddable":true,"href":"https:\/\/vaeter-und-karriere.de\/blog\/index.php\/wp-json\/wp\/v2\/tags?post=8592"}],"curies":[{"name":"wp","href":"https:\/\/api.w.org\/{rel}","templated":true}]}}