{"id":8546,"date":"2015-06-29T10:50:39","date_gmt":"2015-06-29T10:50:39","guid":{"rendered":"http:\/\/vaeter-und-karriere.de\/blog\/?p=8546"},"modified":"2015-06-30T10:53:53","modified_gmt":"2015-06-30T10:53:53","slug":"ratgeber-fur-vater-nach-trennungen","status":"publish","type":"post","link":"https:\/\/vaeter-und-karriere.de\/blog\/index.php\/2015\/06\/29\/ratgeber-fur-vater-nach-trennungen\/","title":{"rendered":"Ratgeber f\u00fcr V\u00e4ter nach Trennungen"},"content":{"rendered":"<p><a href=\"http:\/\/vaeterratgeber.de\/wp-content\/uploads\/2015\/05\/cover-leseprobe.pdf \"><img loading=\"lazy\" class=\"alignright\" src=\"http:\/\/vaeterratgeber.de\/wp-content\/uploads\/2015\/05\/image001-212x300.jpg \" alt=\"\" width=\"127\" height=\"180\" \/><\/a>Das Buch \u201e<a href=\"http:\/\/vaeterratgeber.de\/wp-content\/uploads\/2015\/05\/cover-leseprobe.pdf \" target=\"_blank\">Stark und verantwortlich \u2013 ein Ratgeber f\u00fcr V\u00e4ter nach Trennungen<\/a>\u201c b\u00fcndelt die Erfahrungen aus der \u201eStrategieberatung\u201c der V\u00e4terratgeber Eberhard Sch\u00e4fer und Marc Schulte, an der seit 2007 mehrere tausend V\u00e4ter im V\u00e4terzentrum Berlin teilgenommen haben. Die Inhalte werden erg\u00e4nzt durch Praxiserfahrungen eines Familientherapeuten, eines Rechtsanwalts, eines Jugendamtsleiters und eines Familienrichters.<\/p>\n<p>Das Buch enth\u00e4lt Erfahrungsberichte aus dem wirklichen Leben von V\u00e4tern \u00fcber verschiedene Lebens- und Wohnformen nach der Trennung. Au\u00dferdem gehen wir auf die Beziehungsdynamik von Eltern w\u00e4hrend und nach Trennungen ein. Wir beschreiben, wie man trotz Scheidung ein gutes Eltern-Team bleiben kann. Der Entwurf einer Elternvereinbarung soll zeigen, wie die Kommunikation auf Augenh\u00f6he verbessert und verbindlich gemacht werden kann. Umfangreiche juristische Informationen geben einen \u00dcberblick zu den Rechtsgrundlagen bei Trennungen und Scheidungen. All dies macht den Ratgeber zu einer handfesten, konkreten Hilfestellung.<\/p>\n<p>Das Buch hat 126 Seiten im Taschenbuchformat. Aktuell ist die dritte, \u00fcberarbeitete Auflage <a href=\"http:\/\/vaeterratgeber.de\/unser-buch\/bestellen\/ \" target=\"_blank\">erh\u00e4ltlich<\/a>. Der Preis betr\u00e4gt 8<strong> <\/strong>Euro zuz\u00fcglich Versandkosten.<\/p>\n<p><a href=\"http:\/\/vaeterratgeber.de\/unser-buch\/\" target=\"_blank\">Quelle<\/a><\/p>\n","protected":false},"excerpt":{"rendered":"<p>Das Buch \u201eStark und verantwortlich \u2013 ein Ratgeber f\u00fcr V\u00e4ter nach Trennungen\u201c b\u00fcndelt die Erfahrungen aus der \u201eStrategieberatung\u201c der V\u00e4terratgeber Eberhard Sch\u00e4fer und Marc Schulte, an der seit 2007 mehrere tausend V\u00e4ter im V\u00e4terzentrum Berlin teilgenommen haben. Die Inhalte werden erg\u00e4nzt durch Praxiserfahrungen eines Familientherapeuten, eines Rechtsanwalts, eines Jugendamtsleiters und eines Familienrichters. Das Buch enth\u00e4lt [&hellip;]<\/p>\n","protected":false},"author":1,"featured_media":0,"comment_status":"open","ping_status":"open","sticky":false,"template":"","format":"standard","meta":[],"categories":[27,163,182],"tags":[252],"_links":{"self":[{"href":"https:\/\/vaeter-und-karriere.de\/blog\/index.php\/wp-json\/wp\/v2\/posts\/8546"}],"collection":[{"href":"https:\/\/vaeter-und-karriere.de\/blog\/index.php\/wp-json\/wp\/v2\/posts"}],"about":[{"href":"https:\/\/vaeter-und-karriere.de\/blog\/index.php\/wp-json\/wp\/v2\/types\/post"}],"author":[{"embeddable":true,"href":"https:\/\/vaeter-und-karriere.de\/blog\/index.php\/wp-json\/wp\/v2\/users\/1"}],"replies":[{"embeddable":true,"href":"https:\/\/vaeter-und-karriere.de\/blog\/index.php\/wp-json\/wp\/v2\/comments?post=8546"}],"version-history":[{"count":1,"href":"https:\/\/vaeter-und-karriere.de\/blog\/index.php\/wp-json\/wp\/v2\/posts\/8546\/revisions"}],"predecessor-version":[{"id":8547,"href":"https:\/\/vaeter-und-karriere.de\/blog\/index.php\/wp-json\/wp\/v2\/posts\/8546\/revisions\/8547"}],"wp:attachment":[{"href":"https:\/\/vaeter-und-karriere.de\/blog\/index.php\/wp-json\/wp\/v2\/media?parent=8546"}],"wp:term":[{"taxonomy":"category","embeddable":true,"href":"https:\/\/vaeter-und-karriere.de\/blog\/index.php\/wp-json\/wp\/v2\/categories?post=8546"},{"taxonomy":"post_tag","embeddable":true,"href":"https:\/\/vaeter-und-karriere.de\/blog\/index.php\/wp-json\/wp\/v2\/tags?post=8546"}],"curies":[{"name":"wp","href":"https:\/\/api.w.org\/{rel}","templated":true}]}}