{"id":8237,"date":"2014-08-19T12:48:58","date_gmt":"2014-08-19T12:48:58","guid":{"rendered":"http:\/\/vaeter-und-karriere.de\/blog\/?p=8237"},"modified":"2014-08-27T18:54:04","modified_gmt":"2014-08-27T18:54:04","slug":"schlaue-jungs-in-not","status":"publish","type":"post","link":"https:\/\/vaeter-und-karriere.de\/blog\/index.php\/2014\/08\/19\/schlaue-jungs-in-not\/","title":{"rendered":"Schlaue Jungs in Not"},"content":{"rendered":"<p>Phillip (17), Jannes (15) und Jakob (12) kommen in der Schule nicht klar, obwohl sie eigentlich zu den leistungsstarken Sch\u00fclern z\u00e4hlen. In dem Filmbeitrag von 37\u00b0 werden die drei intelligenten Jungs, die schon fr\u00fch schulm\u00fcde sind und die Mitarbeit und Leistung verweigern begleitet. Mit ihrem Verhalten gef\u00e4hrden sie ihren Abschluss &#8211; 37 Grad stellt die Frage nach dem Warum.<\/p>\n<p><a href=\"http:\/\/vaeter-und-karriere.de\/blog\/wp-content\/uploads\/2014\/08\/37-grad_schlaue-jungs-im-schulstress.jpg\"><img loading=\"lazy\" class=\"size-full wp-image-8238 alignnone\" title=\"37-grad_schlaue-jungs-im-schulstress\" src=\"http:\/\/vaeter-und-karriere.de\/blog\/wp-content\/uploads\/2014\/08\/37-grad_schlaue-jungs-im-schulstress.jpg\" alt=\"37-grad_schlaue-jungs-im-schulstress\" width=\"674\" height=\"427\" srcset=\"https:\/\/vaeter-und-karriere.de\/blog\/wp-content\/uploads\/2014\/08\/37-grad_schlaue-jungs-im-schulstress.jpg 674w, https:\/\/vaeter-und-karriere.de\/blog\/wp-content\/uploads\/2014\/08\/37-grad_schlaue-jungs-im-schulstress-300x190.jpg 300w\" sizes=\"(max-width: 674px) 100vw, 674px\" \/><\/a><\/p>\n<p>Als Phillip noch in die Grundschule ging, sagten Lehrerinnen ihm eine gro\u00dfe Zukunft voraus: Der Junge war ein \u00dcberflieger und wechselte mit einem glatten Einser-Zeugnis auf das Gymnasium. Pl\u00f6tzlich aber lassen Wissbegier und Motivation nach, seine Leistungen nehmen rapide ab, und er schw\u00e4nzt nur noch den Unterricht.<\/p>\n<p>Phillips Fehlzeiten werden immer l\u00e4nger, sein Vater immer verzweifelter. Er ist alleinerziehend, f\u00fchlt sich \u00fcberfordert und machtlos. Das Jugendamt schaltet sich ein. Phillip muss das Gymnasium verlassen und landet auf der Hauptschule. Kleine Klassen und starke P\u00e4dagogen bringen Phillip dazu, wieder zur Schule zu gehen. Trotzdem f\u00e4llt der 17-J\u00e4hrige immer wieder in alte Strukturen zur\u00fcck. Wird er sich fangen und seinen erweiterten Hauptschulabschluss schaffen? Denn eigentlich m\u00f6chte Phillip danach zur\u00fcck auf das Gymnasium, um mit dem Abitur abzuschlie\u00dfen.<\/p>\n<p><a href=\"http:\/\/www.zdf.de\/37-grad\/schlaue-jungs-im-schulstress-scheitern-in-der-schule-waehrend-der-pubertaet-34302438.html\" target=\"_blank\">Quelle<\/a><\/p>\n","protected":false},"excerpt":{"rendered":"<p>Phillip (17), Jannes (15) und Jakob (12) kommen in der Schule nicht klar, obwohl sie eigentlich zu den leistungsstarken Sch\u00fclern z\u00e4hlen. In dem Filmbeitrag von 37\u00b0 werden die drei intelligenten Jungs, die schon fr\u00fch schulm\u00fcde sind und die Mitarbeit und Leistung verweigern begleitet. Mit ihrem Verhalten gef\u00e4hrden sie ihren Abschluss &#8211; 37 Grad stellt die [&hellip;]<\/p>\n","protected":false},"author":1,"featured_media":0,"comment_status":"open","ping_status":"open","sticky":false,"template":"","format":"standard","meta":[],"categories":[19,56],"tags":[221,173],"_links":{"self":[{"href":"https:\/\/vaeter-und-karriere.de\/blog\/index.php\/wp-json\/wp\/v2\/posts\/8237"}],"collection":[{"href":"https:\/\/vaeter-und-karriere.de\/blog\/index.php\/wp-json\/wp\/v2\/posts"}],"about":[{"href":"https:\/\/vaeter-und-karriere.de\/blog\/index.php\/wp-json\/wp\/v2\/types\/post"}],"author":[{"embeddable":true,"href":"https:\/\/vaeter-und-karriere.de\/blog\/index.php\/wp-json\/wp\/v2\/users\/1"}],"replies":[{"embeddable":true,"href":"https:\/\/vaeter-und-karriere.de\/blog\/index.php\/wp-json\/wp\/v2\/comments?post=8237"}],"version-history":[{"count":2,"href":"https:\/\/vaeter-und-karriere.de\/blog\/index.php\/wp-json\/wp\/v2\/posts\/8237\/revisions"}],"predecessor-version":[{"id":8243,"href":"https:\/\/vaeter-und-karriere.de\/blog\/index.php\/wp-json\/wp\/v2\/posts\/8237\/revisions\/8243"}],"wp:attachment":[{"href":"https:\/\/vaeter-und-karriere.de\/blog\/index.php\/wp-json\/wp\/v2\/media?parent=8237"}],"wp:term":[{"taxonomy":"category","embeddable":true,"href":"https:\/\/vaeter-und-karriere.de\/blog\/index.php\/wp-json\/wp\/v2\/categories?post=8237"},{"taxonomy":"post_tag","embeddable":true,"href":"https:\/\/vaeter-und-karriere.de\/blog\/index.php\/wp-json\/wp\/v2\/tags?post=8237"}],"curies":[{"name":"wp","href":"https:\/\/api.w.org\/{rel}","templated":true}]}}