{"id":8181,"date":"2014-06-18T10:08:39","date_gmt":"2014-06-18T10:08:39","guid":{"rendered":"http:\/\/vaeter-und-karriere.de\/blog\/?p=8181"},"modified":"2014-06-22T10:08:55","modified_gmt":"2014-06-22T10:08:55","slug":"vater-starken-ihre-tochter","status":"publish","type":"post","link":"https:\/\/vaeter-und-karriere.de\/blog\/index.php\/2014\/06\/18\/vater-starken-ihre-tochter\/","title":{"rendered":"V\u00e4ter st\u00e4rken ihre T\u00f6chter"},"content":{"rendered":"<p>G(irls)20 startet ihr globales Projekt \u201cFathers Empowering Daughters\u201d (V\u00e4ter bef\u00e4higen ihre T\u00f6chter). Es soll die wichtige Rolle unterstreichen, die V\u00e4ter bei der Karriere ihrer T\u00f6chter spielen k\u00f6nnen. Die Kampagne startet im Vorfeld zum World Leaders Meeting beim G20-Gipfel im August in Australien.<\/p>\n<p>G(irls)20 wird 24 M\u00e4dchen aus der ganzen Welt einladen, um mit ihnen dar\u00fcber zu diskutieren, wie man M\u00e4dchen und Frauen in wirtschaftlicher Hinsicht f\u00f6rdern kann, um Wachstumsziele global und in ihren Heimatl\u00e4ndern zu erreichen. Die Kampagne richtet sich an V\u00e4ter auf der ganzen Welt, die zeigen sollen, wie sie ihre T\u00f6chter &#8211; egal wie alt sie sind und welchen Traum sie haben &#8211; auf ihrem Weg zum Erfolg unterst\u00fctzen. Sie ermutigt T\u00f6chter zu beschreiben, wie ihre V\u00e4ter sie gef\u00f6rdert haben.<\/p>\n<p>Bei der weltweiten Kampagne, die mit so namhaften V\u00e4tern wie Richard Branson und Ziauddin Yousafzai (Malalas Vater) und ber\u00fchmten T\u00f6chtern wie Chelsea Clinton und Shakira aufwartet, sollen V\u00e4ter und T\u00f6chter aus der ganzen Welt ihre Geschichten in einer Reihe von selbst aufgenommenen Videos miteinander teilen.<\/p>\n<p>\u201cDiese Kampagne bindet M\u00e4nner auf ganz einzigartige, pers\u00f6nliche und bedeutsame Weise mit ein\u201c, meint Farah Mohamed, Gr\u00fcnderin und CEO von G(irls)20, welche \u201cFathers Empowering Daughters\u201d ins Leben gerufen hat. \u201cV\u00e4ter k\u00f6nnen eine wichtige Rolle dabei spielen, ihre T\u00f6chter zu ermutigen, ihre Tr\u00e4ume zu realisieren, egal wie gro\u00df oder klein sie sind, und an diesem Vatertag m\u00f6chten wir das feiern.\u201c<\/p>\n<p><a href=\"http:\/\/www.fathersempoweringdaughters.com\"><img loading=\"lazy\" class=\"alignnone size-full wp-image-8182\" title=\"Father's Empowering Daughters I A G(irls)20 Campaign\" src=\"http:\/\/vaeter-und-karriere.de\/blog\/wp-content\/uploads\/2014\/06\/Fathers-Empowering-Daughters-I-A-Girls20-Campaign.jpg\" alt=\"Father's Empowering Daughters I A G(irls)20 Campaign\" width=\"728\" height=\"415\" srcset=\"https:\/\/vaeter-und-karriere.de\/blog\/wp-content\/uploads\/2014\/06\/Fathers-Empowering-Daughters-I-A-Girls20-Campaign.jpg 728w, https:\/\/vaeter-und-karriere.de\/blog\/wp-content\/uploads\/2014\/06\/Fathers-Empowering-Daughters-I-A-Girls20-Campaign-300x171.jpg 300w\" sizes=\"(max-width: 728px) 100vw, 728px\" \/><\/a><\/p>\n<p>V\u00e4ter und T\u00f6chter auf der ganzen Welt sind eingeladen, ihre selbst aufgenommenen Videos hier hochzuladen. <a href=\"https:\/\/www.facebook.com\/Girls20Summit \" target=\"_blank\">G(irls)20<\/a> ist eine global ausgerichtete gemeinn\u00fctzige Organisation. Sie hat sich zum Ziel gesetzt, eine neue Generation von weiblichen F\u00fchrungskr\u00e4ften zu kultivieren.<\/p>\n<p><a href=\"http:\/\/www.vaeter-netz.de\/node\/2135 \" target=\"_blank\">Quelle<\/a><\/p>\n","protected":false},"excerpt":{"rendered":"<p>G(irls)20 startet ihr globales Projekt \u201cFathers Empowering Daughters\u201d (V\u00e4ter bef\u00e4higen ihre T\u00f6chter). Es soll die wichtige Rolle unterstreichen, die V\u00e4ter bei der Karriere ihrer T\u00f6chter spielen k\u00f6nnen. Die Kampagne startet im Vorfeld zum World Leaders Meeting beim G20-Gipfel im August in Australien. G(irls)20 wird 24 M\u00e4dchen aus der ganzen Welt einladen, um mit ihnen dar\u00fcber [&hellip;]<\/p>\n","protected":false},"author":1,"featured_media":0,"comment_status":"open","ping_status":"open","sticky":false,"template":"","format":"standard","meta":[],"categories":[46,56],"tags":[221],"_links":{"self":[{"href":"https:\/\/vaeter-und-karriere.de\/blog\/index.php\/wp-json\/wp\/v2\/posts\/8181"}],"collection":[{"href":"https:\/\/vaeter-und-karriere.de\/blog\/index.php\/wp-json\/wp\/v2\/posts"}],"about":[{"href":"https:\/\/vaeter-und-karriere.de\/blog\/index.php\/wp-json\/wp\/v2\/types\/post"}],"author":[{"embeddable":true,"href":"https:\/\/vaeter-und-karriere.de\/blog\/index.php\/wp-json\/wp\/v2\/users\/1"}],"replies":[{"embeddable":true,"href":"https:\/\/vaeter-und-karriere.de\/blog\/index.php\/wp-json\/wp\/v2\/comments?post=8181"}],"version-history":[{"count":2,"href":"https:\/\/vaeter-und-karriere.de\/blog\/index.php\/wp-json\/wp\/v2\/posts\/8181\/revisions"}],"predecessor-version":[{"id":8184,"href":"https:\/\/vaeter-und-karriere.de\/blog\/index.php\/wp-json\/wp\/v2\/posts\/8181\/revisions\/8184"}],"wp:attachment":[{"href":"https:\/\/vaeter-und-karriere.de\/blog\/index.php\/wp-json\/wp\/v2\/media?parent=8181"}],"wp:term":[{"taxonomy":"category","embeddable":true,"href":"https:\/\/vaeter-und-karriere.de\/blog\/index.php\/wp-json\/wp\/v2\/categories?post=8181"},{"taxonomy":"post_tag","embeddable":true,"href":"https:\/\/vaeter-und-karriere.de\/blog\/index.php\/wp-json\/wp\/v2\/tags?post=8181"}],"curies":[{"name":"wp","href":"https:\/\/api.w.org\/{rel}","templated":true}]}}