{"id":8005,"date":"2014-03-29T09:52:28","date_gmt":"2014-03-29T09:52:28","guid":{"rendered":"http:\/\/vaeter-und-karriere.de\/blog\/?p=8005"},"modified":"2014-03-29T09:52:28","modified_gmt":"2014-03-29T09:52:28","slug":"konnen-vater-bloggen","status":"publish","type":"post","link":"https:\/\/vaeter-und-karriere.de\/blog\/index.php\/2014\/03\/29\/konnen-vater-bloggen\/","title":{"rendered":"K\u00f6nnen V\u00e4ter bloggen &#8230;"},"content":{"rendered":"<p>&#8230; oder sind bloggende V\u00e4ter eine Nischenerscheinung? Mit dieser Frage setzen sich <a href=\"http:\/\/re-publica.de\/user\/1499\/event\/1\">Patricia Cammarata<\/a>, <a href=\"http:\/\/re-publica.de\/user\/1631\/event\/1\">Andreas Lorenz<\/a>, <a href=\"http:\/\/re-publica.de\/user\/1939\/event\/1\">Holger Reuss<\/a> und <a href=\"http:\/\/re-publica.de\/user\/290\/event\/1\">Sven Trautwein<\/a> bei einer Session auf der <a href=\"http:\/\/re-publica.de\" target=\"_blank\">re:publica 14<\/a> auseinander, die vom 6. bis zum 8. April in Berlin stattfindet:<\/p>\n<p>&#8222;Frauenmagazine und Elternzeitschriften feiern nahezu t\u00e4glich bloggende M\u00fctter. Doch es gibt auch die bloggenden (Vollzeit-) V\u00e4ter, die sich mit ihren Blogs versuchen, Geh\u00f6r zu verschaffen. Was unterscheidet bloggende V\u00e4ter von M\u00fcttern? Sind es die klischeebehafteten Schwerpunktthemen? Interessieren sich V\u00e4ter vornehmlich f\u00fcr technisches Spielzeug oder k\u00f6nnen sie sich auch in ihren Nachwuchs einf\u00fchlen und dar\u00fcber schreiben? Gerade die ersten Lebensjahre rennen einem nur so durch die Finger. Ein Blog bietet einen geeigneten Anlaufpunkt nicht nur f\u00fcr Freunde und Bekannte. Auch f\u00fcr einen selbst kann dies der geeignete Ort sein, einen anderen Blickwinkel auf sich und die Familie zu er\u00f6ffnen. Unter anderem wird es um diese Fragen gehen:<\/p>\n<ul>\n<li>bloggen      V\u00e4ter anders?<\/li>\n<li>wor\u00fcber      schreiben sie?<\/li>\n<li>k\u00f6nnen      Sie Gef\u00fchle?<\/li>\n<\/ul>\n<p>Ich m\u00f6chte in der Diskussion mit weiteren Teilnehmern unterschiedlichen Fragen nachgehen, was sie bewogen hat, mit dem Bloggen zu beginnen, f\u00fcr wen sie schreiben und ob sie es damit auch schaffen k\u00f6nnten, eine Familie zu ern\u00e4hren &#8211; wobei wir da wohl wieder beim klassischen Rollenmodell w\u00e4ren.&#8220;<\/p>\n<p><a href=\"http:\/\/re-publica.de\" title=\"re:publica 14 - INTO THE WILD\"><img src=\"http:\/\/re-publica.de\/files\/banner\/rp14_banner_234x60.jpg\" alt=\"re:publica 14 - INTO THE WILD\" \/><\/a><\/p>\n<p><a href=\"http:\/\/re-publica.de\/session\/sind-bloggende-vaeter-nischenerscheinung \" target=\"_blank\">Quelle<\/a><\/p>\n","protected":false},"excerpt":{"rendered":"<p>&#8230; oder sind bloggende V\u00e4ter eine Nischenerscheinung? Mit dieser Frage setzen sich Patricia Cammarata, Andreas Lorenz, Holger Reuss und Sven Trautwein bei einer Session auf der re:publica 14 auseinander, die vom 6. bis zum 8. April in Berlin stattfindet: &#8222;Frauenmagazine und Elternzeitschriften feiern nahezu t\u00e4glich bloggende M\u00fctter. Doch es gibt auch die bloggenden (Vollzeit-) V\u00e4ter, [&hellip;]<\/p>\n","protected":false},"author":1,"featured_media":0,"comment_status":"open","ping_status":"open","sticky":false,"template":"","format":"standard","meta":[],"categories":[43,71],"tags":[],"_links":{"self":[{"href":"https:\/\/vaeter-und-karriere.de\/blog\/index.php\/wp-json\/wp\/v2\/posts\/8005"}],"collection":[{"href":"https:\/\/vaeter-und-karriere.de\/blog\/index.php\/wp-json\/wp\/v2\/posts"}],"about":[{"href":"https:\/\/vaeter-und-karriere.de\/blog\/index.php\/wp-json\/wp\/v2\/types\/post"}],"author":[{"embeddable":true,"href":"https:\/\/vaeter-und-karriere.de\/blog\/index.php\/wp-json\/wp\/v2\/users\/1"}],"replies":[{"embeddable":true,"href":"https:\/\/vaeter-und-karriere.de\/blog\/index.php\/wp-json\/wp\/v2\/comments?post=8005"}],"version-history":[{"count":1,"href":"https:\/\/vaeter-und-karriere.de\/blog\/index.php\/wp-json\/wp\/v2\/posts\/8005\/revisions"}],"predecessor-version":[{"id":8006,"href":"https:\/\/vaeter-und-karriere.de\/blog\/index.php\/wp-json\/wp\/v2\/posts\/8005\/revisions\/8006"}],"wp:attachment":[{"href":"https:\/\/vaeter-und-karriere.de\/blog\/index.php\/wp-json\/wp\/v2\/media?parent=8005"}],"wp:term":[{"taxonomy":"category","embeddable":true,"href":"https:\/\/vaeter-und-karriere.de\/blog\/index.php\/wp-json\/wp\/v2\/categories?post=8005"},{"taxonomy":"post_tag","embeddable":true,"href":"https:\/\/vaeter-und-karriere.de\/blog\/index.php\/wp-json\/wp\/v2\/tags?post=8005"}],"curies":[{"name":"wp","href":"https:\/\/api.w.org\/{rel}","templated":true}]}}