{"id":8002,"date":"2014-03-28T07:45:35","date_gmt":"2014-03-28T07:45:35","guid":{"rendered":"http:\/\/vaeter-und-karriere.de\/blog\/?p=8002"},"modified":"2014-03-27T16:18:05","modified_gmt":"2014-03-27T16:18:05","slug":"manner-verlierer-der-emanzipation","status":"publish","type":"post","link":"https:\/\/vaeter-und-karriere.de\/blog\/index.php\/2014\/03\/28\/manner-verlierer-der-emanzipation\/","title":{"rendered":"M\u00e4nner, Verlierer der Emanzipation?"},"content":{"rendered":"<p>M\u00e4nner gehen malochen, f\u00fcr Frauen bleiben die drei K: Kinder, K\u00fcche, Kirche. Das war einmal! Feministinnen haben in den vergangenen Jahrzehnten erhebliche Erfolge im Kampf um die Gleichstellung der Frau erzielt. Aber ist diese Entwicklung einen Schritt zu weit gegangen? Sind die Machtverh\u00e4ltnisse m\u00f6glichweise zum Nachteil der M\u00e4nner gekippt?<\/p>\n<p>Wie geht es M\u00e4nnern in unserer Gesellschaft mit den ver\u00e4nderten Rollenbildern? Psychische Krankheiten, h\u00f6here Suizidraten und der st\u00e4ndige Druck, den Spagat zwischen Beruf und Familie m\u00f6glichst elegant zu l\u00f6sen, sind die Stressfaktoren, denen die heutigen M\u00e4nner ausgesetzt sind. W\u00e4hrend es f\u00fcr Frauen und M\u00e4dchen zahlreiche Anlauf- und Beratungsstellen gibt, scheint gesellschaftlicher Konsens dar\u00fcber zu herrschen, dass M\u00e4nner ihre Probleme \u2013 so sie \u00fcberhaupt welche haben &#8211; am besten alleine l\u00f6sen.<\/p>\n<p>Studien zeigen, dass ein Gro\u00dfteil der Frauen lieber eine Beziehung mit einem Mann mit hohem gesellschaftlichen Ansehen und m\u00f6glichst gutem Einkommen eingeht. Er muss Sicherheiten bieten und darf sich keinerlei Misserfolge leisten. Diese k\u00f6nnten dann n\u00e4mlich dazu f\u00fchren, wie das Beispiel eines gescheiterten Bundespr\u00e4sidenten zeigt, dass die Frau das Weite sucht. Auf diesen m\u00f6glichen Zusammenhang weist Elisabeth Raether, Gast von Peter Hahne, in einem \u201eZeit\u201c-Artikel hin. Aber mit beruflichem Erfolg allein ist es noch nicht getan. Wenn m\u00f6glich, sollen die Herren der Sch\u00f6pfung gleichzeitig noch f\u00fcrsorgliche Familienv\u00e4ter, z\u00e4rtliche Liebhaber und tatkr\u00e4ftiger Unterst\u00fctzer im Haushalt sein. Erwartet die holde Damenwelt vielleicht zu viel?<\/p>\n<p>Aber warum gibt es \u00fcberhaupt eine geschlechtsspezifische Rollenverteilung hinsichtlich Kinder, Haushalt und Beruf? Sollte es nicht vielmehr selbstverst\u00e4ndlich sein, dass diese Entscheidungen individuellen Lebensentw\u00fcrfen \u00fcberlassen werden? Daf\u00fcr m\u00fcsste aber die Politik endlich Abschied nehmen von dem althergebrachten Familienmodell, das in der gesellschaftlichen Realit\u00e4t seit Jahrzehnten kaum noch eine Rolle spielt und stattdessen alle Formen des Zusammenlebens gleicherma\u00dfen f\u00f6rdern.<\/p>\n<p><a href=\"http:\/\/www.zdf.de\/Peter-Hahne\/aufstand-der-maenner-verlierer-der-emanzipation-maennerbewegung-feminismus-krise-des-mannes-32492182.html\"><img loading=\"lazy\" class=\"alignnone size-full wp-image-8003\" title=\"Peter-Hahne_aufstand-der-maenner-verlierer-der-emanzipation-maennerbewegung-feminismus\" src=\"http:\/\/vaeter-und-karriere.de\/blog\/wp-content\/uploads\/2014\/03\/Peter-Hahne_aufstand-der-maenner-verlierer-der-emanzipation-maennerbewegung-feminismus.jpg\" alt=\"Peter-Hahne_aufstand-der-maenner-verlierer-der-emanzipation-maennerbewegung-feminismus\" width=\"672\" height=\"379\" srcset=\"https:\/\/vaeter-und-karriere.de\/blog\/wp-content\/uploads\/2014\/03\/Peter-Hahne_aufstand-der-maenner-verlierer-der-emanzipation-maennerbewegung-feminismus.jpg 672w, https:\/\/vaeter-und-karriere.de\/blog\/wp-content\/uploads\/2014\/03\/Peter-Hahne_aufstand-der-maenner-verlierer-der-emanzipation-maennerbewegung-feminismus-300x169.jpg 300w\" sizes=\"(max-width: 672px) 100vw, 672px\" \/><\/a><\/p>\n<p>\u00dcber diese Themen diskutieren bei \u201ePeter Hahne\u201c die Journalistin Elisabeth Raether und der M\u00e4nnerexperte Dr. Walter Hollstein.<\/p>\n<p>Sendetermin: ZDF, Sonntag, 30. M\u00e4rz 2014, von 10:15 bis 10:43\u00a0Uhr<\/p>\n<p><a href=\"http:\/\/www.zdf.de\/Peter-Hahne\/aufstand-der-maenner-verlierer-der-emanzipation-maennerbewegung-feminismus-krise-des-mannes-32492182.html \" target=\"_blank\">Quelle<\/a><\/p>\n","protected":false},"excerpt":{"rendered":"<p>M\u00e4nner gehen malochen, f\u00fcr Frauen bleiben die drei K: Kinder, K\u00fcche, Kirche. Das war einmal! Feministinnen haben in den vergangenen Jahrzehnten erhebliche Erfolge im Kampf um die Gleichstellung der Frau erzielt. Aber ist diese Entwicklung einen Schritt zu weit gegangen? Sind die Machtverh\u00e4ltnisse m\u00f6glichweise zum Nachteil der M\u00e4nner gekippt? Wie geht es M\u00e4nnern in unserer [&hellip;]<\/p>\n","protected":false},"author":1,"featured_media":0,"comment_status":"open","ping_status":"open","sticky":false,"template":"","format":"standard","meta":[],"categories":[39,33,47,19],"tags":[205],"_links":{"self":[{"href":"https:\/\/vaeter-und-karriere.de\/blog\/index.php\/wp-json\/wp\/v2\/posts\/8002"}],"collection":[{"href":"https:\/\/vaeter-und-karriere.de\/blog\/index.php\/wp-json\/wp\/v2\/posts"}],"about":[{"href":"https:\/\/vaeter-und-karriere.de\/blog\/index.php\/wp-json\/wp\/v2\/types\/post"}],"author":[{"embeddable":true,"href":"https:\/\/vaeter-und-karriere.de\/blog\/index.php\/wp-json\/wp\/v2\/users\/1"}],"replies":[{"embeddable":true,"href":"https:\/\/vaeter-und-karriere.de\/blog\/index.php\/wp-json\/wp\/v2\/comments?post=8002"}],"version-history":[{"count":1,"href":"https:\/\/vaeter-und-karriere.de\/blog\/index.php\/wp-json\/wp\/v2\/posts\/8002\/revisions"}],"predecessor-version":[{"id":8004,"href":"https:\/\/vaeter-und-karriere.de\/blog\/index.php\/wp-json\/wp\/v2\/posts\/8002\/revisions\/8004"}],"wp:attachment":[{"href":"https:\/\/vaeter-und-karriere.de\/blog\/index.php\/wp-json\/wp\/v2\/media?parent=8002"}],"wp:term":[{"taxonomy":"category","embeddable":true,"href":"https:\/\/vaeter-und-karriere.de\/blog\/index.php\/wp-json\/wp\/v2\/categories?post=8002"},{"taxonomy":"post_tag","embeddable":true,"href":"https:\/\/vaeter-und-karriere.de\/blog\/index.php\/wp-json\/wp\/v2\/tags?post=8002"}],"curies":[{"name":"wp","href":"https:\/\/api.w.org\/{rel}","templated":true}]}}