{"id":7891,"date":"2014-02-10T15:56:37","date_gmt":"2014-02-10T15:56:37","guid":{"rendered":"http:\/\/vaeter-und-karriere.de\/blog\/?p=7891"},"modified":"2014-02-10T15:56:37","modified_gmt":"2014-02-10T15:56:37","slug":"ein-date-mit-dad","status":"publish","type":"post","link":"https:\/\/vaeter-und-karriere.de\/blog\/index.php\/2014\/02\/10\/ein-date-mit-dad\/","title":{"rendered":"Ein Date mit Dad"},"content":{"rendered":"<p>\u201cDate with Dad\u201d, ist eine Veranstaltung f\u00fcr V\u00e4ter und ihre T\u00f6chter, bei der V\u00e4ter ihren T\u00f6chtern mitteilen k\u00f6nnen, was sie f\u00fcr sie bedeuten und wie sie die gemeinsame Zukunft gestalten m\u00f6chten. Organisiert wird das Event von der Organisation \u201cFocus on the Family Singapore\u201d.<\/p>\n<p><iframe loading=\"lazy\" width=\"640\" height=\"360\" src=\"\/\/www.youtube.com\/embed\/G7XMTUas-6c?feature=player_detailpage\" frameborder=\"0\" allowfullscreen><\/iframe><\/p>\n<p><a href=\"http:\/\/www.family.org.sg\/datewithdad \" target=\"_blank\">Quelle<\/a><\/p>\n","protected":false},"excerpt":{"rendered":"<p>\u201cDate with Dad\u201d, ist eine Veranstaltung f\u00fcr V\u00e4ter und ihre T\u00f6chter, bei der V\u00e4ter ihren T\u00f6chtern mitteilen k\u00f6nnen, was sie f\u00fcr sie bedeuten und wie sie die gemeinsame Zukunft gestalten m\u00f6chten. Organisiert wird das Event von der Organisation \u201cFocus on the Family Singapore\u201d. Quelle<\/p>\n","protected":false},"author":1,"featured_media":0,"comment_status":"open","ping_status":"open","sticky":false,"template":"","format":"standard","meta":[],"categories":[43,46,56],"tags":[221],"_links":{"self":[{"href":"https:\/\/vaeter-und-karriere.de\/blog\/index.php\/wp-json\/wp\/v2\/posts\/7891"}],"collection":[{"href":"https:\/\/vaeter-und-karriere.de\/blog\/index.php\/wp-json\/wp\/v2\/posts"}],"about":[{"href":"https:\/\/vaeter-und-karriere.de\/blog\/index.php\/wp-json\/wp\/v2\/types\/post"}],"author":[{"embeddable":true,"href":"https:\/\/vaeter-und-karriere.de\/blog\/index.php\/wp-json\/wp\/v2\/users\/1"}],"replies":[{"embeddable":true,"href":"https:\/\/vaeter-und-karriere.de\/blog\/index.php\/wp-json\/wp\/v2\/comments?post=7891"}],"version-history":[{"count":1,"href":"https:\/\/vaeter-und-karriere.de\/blog\/index.php\/wp-json\/wp\/v2\/posts\/7891\/revisions"}],"predecessor-version":[{"id":7892,"href":"https:\/\/vaeter-und-karriere.de\/blog\/index.php\/wp-json\/wp\/v2\/posts\/7891\/revisions\/7892"}],"wp:attachment":[{"href":"https:\/\/vaeter-und-karriere.de\/blog\/index.php\/wp-json\/wp\/v2\/media?parent=7891"}],"wp:term":[{"taxonomy":"category","embeddable":true,"href":"https:\/\/vaeter-und-karriere.de\/blog\/index.php\/wp-json\/wp\/v2\/categories?post=7891"},{"taxonomy":"post_tag","embeddable":true,"href":"https:\/\/vaeter-und-karriere.de\/blog\/index.php\/wp-json\/wp\/v2\/tags?post=7891"}],"curies":[{"name":"wp","href":"https:\/\/api.w.org\/{rel}","templated":true}]}}