{"id":7774,"date":"2013-12-09T18:00:06","date_gmt":"2013-12-09T18:00:06","guid":{"rendered":"http:\/\/vaeter-und-karriere.de\/blog\/?p=7774"},"modified":"2013-12-09T18:03:29","modified_gmt":"2013-12-09T18:03:29","slug":"allein-unter-muttern","status":"publish","type":"post","link":"https:\/\/vaeter-und-karriere.de\/blog\/index.php\/2013\/12\/09\/allein-unter-muttern\/","title":{"rendered":"Allein unter M\u00fcttern"},"content":{"rendered":"<p><a href=\"http:\/\/daskleinefernsehspiel.zdf.de\/ZDF\/zdfportal\/blob\/30552470\/2\/data.jpg\"><img loading=\"lazy\" class=\"alignright\" src=\"http:\/\/daskleinefernsehspiel.zdf.de\/ZDF\/zdfportal\/blob\/30552470\/2\/data.jpg\" alt=\"\" width=\"176\" height=\"99\" \/><\/a>\u201eKinder machen V\u00e4ter\u201c lautete vor f\u00fcnf Jahren das Thema einer <a href=\"http:\/\/www.impulstagung.de\/downloads\/2.impulstagung2006.pdf \" target=\"_blank\">Tagung<\/a> des &#8222;<a href=\"http:\/\/www.impulstagung.de\" target=\"_blank\">Aktionsforums M\u00e4nner und Leben<\/a>&#8220; in Frankfurt. Das Thema Kinder wird in den \u00f6ffentlichen Diskussionen auch 2013 noch aus der M\u00fctterperspektive diskutiert. Insbesondere gut ausgebildete Frauen sollen mehr Kinder bekommen, aber eben diese wollen wenn, dann auch mehr Mutter sein. Im Blog der Unternehmensberatung ATKearney widerspricht <a href=\"http:\/\/www.atkearney361grad.de\/raus-aus-der-doppelbelastung-birgit-kelle-erhebt-einspruch\/\" target=\"_blank\">Birgit Kelle<\/a> dem Beitrag \u201e<a href=\"http:\/\/www.atkearney361grad.de\/raus-aus-der-doppelbelastung-die-frauen-haben-es-der-hand\/\" target=\"_blank\">Raus aus der Doppelbelastung<\/a>\u201c der <a href=\"http:\/\/www.lob-magazin.de\/\" target=\"_blank\">LOB<\/a> Chefredakteurin Nicole Beste Fopma. Sie w\u00fcrde es noch nicht einmal ihrem Hund zumuten st\u00e4ndig fremdbetreut zu werden, weil sie arbeiten gehen m\u00fcsse.<\/p>\n<p>DerWesten <a href=\"http:\/\/www.derwesten.de\/panorama\/franzosen-streiten-hitzig-um-das-richtige-mutter-modell-id8749898.html#plx1527005770 \" target=\"_blank\">berichtet<\/a> \u00fcber die Kampagne der franz\u00f6sischen Eltern-Zeitschrift \u201eGrandir Autrement\u201c (\u201eAnders aufwachsen\u201c), die sich zur Streiterin f\u00fcr ein ganz anderes Mutter-Modell erkl\u00e4rt und die f\u00fcrsorgliche \u201eMaman\u201c bewirbt, die ihre Elternzeit trotz finanzieller Einbu\u00dfen ausdehnt, m\u00f6glichst lange stillt und umweltbewusst nur waschbare Stoffwindeln verwendet.<\/p>\n<p>M\u00e4nner bzw. V\u00e4ter kommen in der Debatte kaum und wenn dann als \u201eAngeklagte\u201c vor. Jens Voss bezeichnet sie in seinem Debattenbeitrag in der Samstagsausgabe der Rheinischen Post als \u201edie wahren Kinderverhinderer\u201c. Aber immerhin konstatiert er, dass wir \u00fcber die Falschen, die Frauen \u00a0reden.<\/p>\n<p>An der Schnittstelle dieses Geredes ist das kleine Fernsehspiel angesiedelt, dass heute um Mitternacht im ZDF zu sehen ist. In \u201eM\u00fcttergl\u00fcck\u201c erz\u00e4hlen sieben Frauen \u00fcber ihr Leben mit Kindern. Alle sind bestens ausgebildet, versuchen &#8211; in unterschiedlichen Konstellationen &#8211; Beruf und Familie zu vereinbaren.<\/p>\n<p>Sie leben das vor, was Ministerin von der Leyen mit ihrer Familienpolitik erreichen wollte. Denn, so der politische Konsens, Deutschland braucht mehr Kinder, und besonders Akademikerinnen sollen ihre Geb\u00e4runlust \u00fcberwinden und dann schnell wieder in den Beruf zur\u00fcckkehren, also daf\u00fcr sorgen, dass sowohl die Geburtenrate wie das Bruttosozialprodukt steigen. Soweit die Theorie. Und die Praxis?<\/p>\n<p>Kinderbekommen ist, das zeigt der Film in seinen eindr\u00fccklichen Frauenportr\u00e4ts, etwas sehr Individuelles, und jede Partnerschaft reagiert anders darauf. Das Switchen zwischen Beruf und Kindern gelingt den einen besser als den anderen. Oft bleiben W\u00fcnsche und Vors\u00e4tze dabei auf der Strecke, und die Belastbarkeit hat Grenzen. Doch es w\u00e4chst auch die Kraft.<\/p>\n<p>Ein Film \u00fcber Frauen und ihre Arbeit, \u00fcber M\u00e4nner, M\u00fcdigkeit und Einsamkeit, aber nat\u00fcrlich auch \u00fcber eine ganz gro\u00dfe Liebe. \u201eUnter M\u00fcttern&#8220; ist der letzte Film der achtteiligen Dokumentarfilm-Reihe \u201e100% Frauen&#8220;. Sendetermin: ZDF, Montag 9. Dezember 2013, von 00:00 bis 00:50\u00a0Uhr.<\/p>\n<p><a href=\"http:\/\/daskleinefernsehspiel.zdf.de\/ZDF\/zdfportal\/programdata\/da3c052c-c5f8-3724-8474-3bb78e48f1f4\/20243492\" target=\"_blank\">Quelle<\/a><\/p>\n","protected":false},"excerpt":{"rendered":"<p>\u201eKinder machen V\u00e4ter\u201c lautete vor f\u00fcnf Jahren das Thema einer Tagung des &#8222;Aktionsforums M\u00e4nner und Leben&#8220; in Frankfurt. Das Thema Kinder wird in den \u00f6ffentlichen Diskussionen auch 2013 noch aus der M\u00fctterperspektive diskutiert. Insbesondere gut ausgebildete Frauen sollen mehr Kinder bekommen, aber eben diese wollen wenn, dann auch mehr Mutter sein. Im Blog der Unternehmensberatung [&hellip;]<\/p>\n","protected":false},"author":1,"featured_media":0,"comment_status":"open","ping_status":"open","sticky":false,"template":"","format":"standard","meta":[],"categories":[4,19,56,24],"tags":[],"_links":{"self":[{"href":"https:\/\/vaeter-und-karriere.de\/blog\/index.php\/wp-json\/wp\/v2\/posts\/7774"}],"collection":[{"href":"https:\/\/vaeter-und-karriere.de\/blog\/index.php\/wp-json\/wp\/v2\/posts"}],"about":[{"href":"https:\/\/vaeter-und-karriere.de\/blog\/index.php\/wp-json\/wp\/v2\/types\/post"}],"author":[{"embeddable":true,"href":"https:\/\/vaeter-und-karriere.de\/blog\/index.php\/wp-json\/wp\/v2\/users\/1"}],"replies":[{"embeddable":true,"href":"https:\/\/vaeter-und-karriere.de\/blog\/index.php\/wp-json\/wp\/v2\/comments?post=7774"}],"version-history":[{"count":5,"href":"https:\/\/vaeter-und-karriere.de\/blog\/index.php\/wp-json\/wp\/v2\/posts\/7774\/revisions"}],"predecessor-version":[{"id":7779,"href":"https:\/\/vaeter-und-karriere.de\/blog\/index.php\/wp-json\/wp\/v2\/posts\/7774\/revisions\/7779"}],"wp:attachment":[{"href":"https:\/\/vaeter-und-karriere.de\/blog\/index.php\/wp-json\/wp\/v2\/media?parent=7774"}],"wp:term":[{"taxonomy":"category","embeddable":true,"href":"https:\/\/vaeter-und-karriere.de\/blog\/index.php\/wp-json\/wp\/v2\/categories?post=7774"},{"taxonomy":"post_tag","embeddable":true,"href":"https:\/\/vaeter-und-karriere.de\/blog\/index.php\/wp-json\/wp\/v2\/tags?post=7774"}],"curies":[{"name":"wp","href":"https:\/\/api.w.org\/{rel}","templated":true}]}}