{"id":769,"date":"2008-05-08T08:17:44","date_gmt":"2008-05-08T07:17:44","guid":{"rendered":"http:\/\/vaeter-und-karriere.de\/blog\/?p=769"},"modified":"2008-05-08T08:17:44","modified_gmt":"2008-05-08T07:17:44","slug":"elterngeld-in-den-chefetagen-der-deutschen-wirtschaft-voll-akzeptiert","status":"publish","type":"post","link":"https:\/\/vaeter-und-karriere.de\/blog\/index.php\/2008\/05\/08\/elterngeld-in-den-chefetagen-der-deutschen-wirtschaft-voll-akzeptiert\/","title":{"rendered":"Elterngeld in den Chefetagen der deutschen Wirtschaft voll akzeptiert"},"content":{"rendered":"<p class=\"MsoNormal\" style=\"margin-top: 6pt;\"><span style=\"font-size: 10pt; font-family: Verdana;\">Dies erkl\u00e4rte Bundesfamilienministerin Ursula von der Leyen und belegte dies mit einer aktuellen <a href=\"http:\/\/www.bmfsfj.de\/bmfsfj\/generator\/RedaktionBMFSFJ\/Pressestelle\/Pdf-Anlagen\/elterngeld-in-der-wirtschaft,property=pdf,rwb=true.pdf\" target=\"_blank\">Allensbach-Umfrage<\/a>. Diese belegt nach ihrer Ansicht eine gro\u00dfe Unterst\u00fctzung der Personalverantwortlichen f\u00fcr M\u00e4nner, die V\u00e4termonate und Elternzeit nehmen<\/span><\/p>\n<p class=\"MsoNormal\" style=\"margin-top: 6pt;\"><span style=\"font-size: 10pt; font-family: Verdana;\">Die wichtigsten Ergebnisse der Umfrage im \u00dcberblick:<\/span><\/p>\n<p class=\"MsoNormal\" style=\"margin-top: 6pt;\"><span style=\"font-size: 10pt; font-family: Verdana;\">&#8211; Mehr als 80 % der Personalverantwortlichen halten das Elterngeld f\u00fcr eine gute Sache\u00a0&#8211; vor seiner Einf\u00fchrung im Jahr 2006 waren es 61 %. <\/span><\/p>\n<p class=\"MsoNormal\" style=\"margin-top: 6pt;\"><span style=\"font-size: 10pt; font-family: Verdana;\">&#8211; 61 % bef\u00fcrworten die Unterbrechung der Berufst\u00e4tigkeit durch V\u00e4ter &#8211; gegen\u00fcber 48 % vor zwei Jahren. 65 % bewerten die Verringerung der Arbeitszeit durch V\u00e4ter positiv &#8211; gegen\u00fcber 59 % vor zwei Jahren.<\/span><\/p>\n<p class=\"MsoNormal\" style=\"margin-top: 6pt;\"><span style=\"font-size: 10pt; font-family: Verdana;\">&#8211; 71 % sind davon \u00fcberzeugt, dass sie eine Mitverantwortung haben, ihren Besch\u00e4ftigten die Entscheidung f\u00fcr Kinder zu erleichtern.<\/span><\/p>\n<p class=\"MsoNormal\" style=\"margin-top: 6pt;\"><span style=\"font-size: 10pt; font-family: Verdana;\">&#8211; In rund 40 % der Betriebe, in denen Mitarbeiter nach Einf\u00fchrung des Elterngeldes Vater geworden sind, haben V\u00e4ter ihre Berufst\u00e4tigkeit unterbrochen. 37 % der Unternehmensverantwortlichen erwarten, dass in Zukunft mehr M\u00e4nner Elternzeit beanspruchen.<\/span><\/p>\n<p><span style=\"font-size: 10pt; font-family: Verdana;\">Wenn das so ist, dann sollten die Personalverantwortlichen alles tun, um ihre Meinung auch in den Unternehmen zum Durchbruch verhelfen und durch eine glaubw\u00fcrdige Haltung der F\u00fchrungskr\u00e4fte und einer entsprechenden Unternehmenskultur V\u00e4ter ermutigen, dass zu tun, was sie schon lange wollen.<\/span><\/p>\n","protected":false},"excerpt":{"rendered":"<p>Dies erkl\u00e4rte Bundesfamilienministerin Ursula von der Leyen und belegte dies mit einer aktuellen Allensbach-Umfrage. Diese belegt nach ihrer Ansicht eine gro\u00dfe Unterst\u00fctzung der Personalverantwortlichen f\u00fcr M\u00e4nner, die V\u00e4termonate und Elternzeit nehmen Die wichtigsten Ergebnisse der Umfrage im \u00dcberblick: &#8211; Mehr als 80 % der Personalverantwortlichen halten das Elterngeld f\u00fcr eine gute Sache\u00a0&#8211; vor seiner Einf\u00fchrung [&hellip;]<\/p>\n","protected":false},"author":1,"featured_media":0,"comment_status":"open","ping_status":"open","sticky":false,"template":"","format":"standard","meta":[],"categories":[8,2,6],"tags":[81],"_links":{"self":[{"href":"https:\/\/vaeter-und-karriere.de\/blog\/index.php\/wp-json\/wp\/v2\/posts\/769"}],"collection":[{"href":"https:\/\/vaeter-und-karriere.de\/blog\/index.php\/wp-json\/wp\/v2\/posts"}],"about":[{"href":"https:\/\/vaeter-und-karriere.de\/blog\/index.php\/wp-json\/wp\/v2\/types\/post"}],"author":[{"embeddable":true,"href":"https:\/\/vaeter-und-karriere.de\/blog\/index.php\/wp-json\/wp\/v2\/users\/1"}],"replies":[{"embeddable":true,"href":"https:\/\/vaeter-und-karriere.de\/blog\/index.php\/wp-json\/wp\/v2\/comments?post=769"}],"version-history":[{"count":0,"href":"https:\/\/vaeter-und-karriere.de\/blog\/index.php\/wp-json\/wp\/v2\/posts\/769\/revisions"}],"wp:attachment":[{"href":"https:\/\/vaeter-und-karriere.de\/blog\/index.php\/wp-json\/wp\/v2\/media?parent=769"}],"wp:term":[{"taxonomy":"category","embeddable":true,"href":"https:\/\/vaeter-und-karriere.de\/blog\/index.php\/wp-json\/wp\/v2\/categories?post=769"},{"taxonomy":"post_tag","embeddable":true,"href":"https:\/\/vaeter-und-karriere.de\/blog\/index.php\/wp-json\/wp\/v2\/tags?post=769"}],"curies":[{"name":"wp","href":"https:\/\/api.w.org\/{rel}","templated":true}]}}