{"id":7619,"date":"2013-09-30T20:04:38","date_gmt":"2013-09-30T20:04:38","guid":{"rendered":"http:\/\/vaeter-und-karriere.de\/blog\/?p=7619"},"modified":"2013-10-01T20:06:43","modified_gmt":"2013-10-01T20:06:43","slug":"dortmunder-studie-untersucht-vater-kind-beziehung","status":"publish","type":"post","link":"https:\/\/vaeter-und-karriere.de\/blog\/index.php\/2013\/09\/30\/dortmunder-studie-untersucht-vater-kind-beziehung\/","title":{"rendered":"Dortmunder Studie untersucht Vater-Kind-Beziehung"},"content":{"rendered":"<p>Welche Motive und Ziele haben V\u00e4ter f\u00fcr ihren Nachwuchs und welchen Einfluss haben sie auf die soziale Entwicklung ihrer Kinder? In welchen Familienzusammenh\u00e4ngen f\u00fcllen sie welche Rollen aus?<\/p>\n<p>Das und vieles mehr will die Psychologin Prof. Dr. Katja Nowacki von der Fachhochschule Dortmund herausfinden. &#8222;F\u00fcr die Entwicklung von Kindern ist die Beziehung zu beiden Elternteilen wichtig. Doch anders als bei der gut erforschten Rolle der Mutter ist die Vaterrolle in der Forschung bislang vernachl\u00e4ssigt worden&#8220;, sagt Katja Nowacki. In den Mittelpunkt ihres &#8222;V\u00e4terprojektes&#8220; stellt sie &#8222;Vaterschaft zwischen Jugendhilfeerfahrung und v\u00e4terlicher Kompetenz&#8220; und nimmt hier V\u00e4ter unter die Lupe, die selbst aus ung\u00fcnstigen oder instabilen famili\u00e4ren Strukturen stammen.<\/p>\n<p>&#8222;Die Forschung \u00fcber V\u00e4ter in diesem Bereich beschr\u00e4nkt sich bislang, wenn \u00fcberhaupt, eher auf die Rolle von V\u00e4tern als T\u00e4ter&#8220;, sagt die Professorin am Fachbereich Angewandte Sozialwissenschaften. &#8222;Bisherige Untersuchungen zeigen, dass vor allem die eigenen Erfahrungen in der Kindheit f\u00fcr die Erziehung der Kinder wichtig sind, weil diese auch die Vorstellungen vom eigenen Vatersein beeinflussen oder pr\u00e4gen&#8220;. Eine interessante Forschungsfrage sei, wie sich M\u00e4nner, die ihre eigene Sozialisation in solchen &#8222;broken homes&#8220; erfuhren, in ihre eigene Vaterrolle einfinden.<\/p>\n<p>In einer Mischung aus Grundlagen- und Anwendungsforschung will die Sozialpsychologin in den n\u00e4chsten Monaten mit verschieden Methoden austesten, wie gut die jeweilige Vater-Kind-Beziehung ist und \u00fcber welche Ressourcen und Schutzfaktoren die V\u00e4ter verf\u00fcgen. Rund 150 V\u00e4ter sollen im Rahmen des Dortmunder Projektes befragt werden.<!--more--><\/p>\n<p>Zur untersuchten Gruppe geh\u00f6ren V\u00e4ter, die ein leibliches oder ein Stiefkind gro\u00dfziehen, V\u00e4ter in Patchwork-Familien oder V\u00e4ter, die nicht mit ihrem Kind zusammenleben. Das Bindungsverhalten innerhalb von Familien ist ein Bereich, in dem Katja Nowacki bereits geforscht hat. So flie\u00dfen Erfahrungen aus ihrer Studie zur &#8222;Bindungsentwicklung von Pflegekindern&#8220; in das neue Forschungsprojekt ein.<\/p>\n<p>Langfristiges Ziel des Projektes ist es, Empfehlungen f\u00fcr V\u00e4ter und f\u00fcr Fachkr\u00e4fte in der Jugendhilfe zu entwickeln, die dazu beitragen, die Vater-Kind-Beziehung zu st\u00e4rken. Prof. Nowacki: &#8222;Daf\u00fcr m\u00f6chten wir mit V\u00e4tern in einem gesch\u00fctzten Rahmen \u00fcber ihre eigenen Kindheitserfahrungen und aktuellen Beziehungen sprechen und dar\u00fcber, wie sie ihre heutige Vaterrolle verstehen. Uns interessiert dar\u00fcber hinaus auch, zu beobachten, wie die V\u00e4ter mit ihren leiblichen, Stief- oder Adoptivkindern umgehen\u201c.<\/p>\n<p>F\u00fcr die Studie werden aktuell noch V\u00e4ter gesucht, die Interesse an einer Teilnahme haben. Die Teilnahme an allen vorgesehenen Terminen wird mit Gutscheinen in H\u00f6he von 100 Euro verg\u00fctet. Wer ein leibliches, ein Stief- oder Adoptivkind im Alter von etwa ein bis sechs Jahren hat und selbst als Kind Jugendhilfeerfahrung gemacht hat, kann sich <a href=\"mailto:vaeterprojekt@fh-dortmund.de \">hier<\/a> melden.<\/p>\n<p><a href=\"http:\/\/idw-online.de\/de\/news553984\" target=\"_blank\">Quelle<\/a><\/p>\n","protected":false},"excerpt":{"rendered":"<p>Welche Motive und Ziele haben V\u00e4ter f\u00fcr ihren Nachwuchs und welchen Einfluss haben sie auf die soziale Entwicklung ihrer Kinder? In welchen Familienzusammenh\u00e4ngen f\u00fcllen sie welche Rollen aus? Das und vieles mehr will die Psychologin Prof. Dr. Katja Nowacki von der Fachhochschule Dortmund herausfinden. &#8222;F\u00fcr die Entwicklung von Kindern ist die Beziehung zu beiden Elternteilen [&hellip;]<\/p>\n","protected":false},"author":1,"featured_media":0,"comment_status":"open","ping_status":"open","sticky":false,"template":"","format":"standard","meta":[],"categories":[56],"tags":[],"_links":{"self":[{"href":"https:\/\/vaeter-und-karriere.de\/blog\/index.php\/wp-json\/wp\/v2\/posts\/7619"}],"collection":[{"href":"https:\/\/vaeter-und-karriere.de\/blog\/index.php\/wp-json\/wp\/v2\/posts"}],"about":[{"href":"https:\/\/vaeter-und-karriere.de\/blog\/index.php\/wp-json\/wp\/v2\/types\/post"}],"author":[{"embeddable":true,"href":"https:\/\/vaeter-und-karriere.de\/blog\/index.php\/wp-json\/wp\/v2\/users\/1"}],"replies":[{"embeddable":true,"href":"https:\/\/vaeter-und-karriere.de\/blog\/index.php\/wp-json\/wp\/v2\/comments?post=7619"}],"version-history":[{"count":1,"href":"https:\/\/vaeter-und-karriere.de\/blog\/index.php\/wp-json\/wp\/v2\/posts\/7619\/revisions"}],"predecessor-version":[{"id":7620,"href":"https:\/\/vaeter-und-karriere.de\/blog\/index.php\/wp-json\/wp\/v2\/posts\/7619\/revisions\/7620"}],"wp:attachment":[{"href":"https:\/\/vaeter-und-karriere.de\/blog\/index.php\/wp-json\/wp\/v2\/media?parent=7619"}],"wp:term":[{"taxonomy":"category","embeddable":true,"href":"https:\/\/vaeter-und-karriere.de\/blog\/index.php\/wp-json\/wp\/v2\/categories?post=7619"},{"taxonomy":"post_tag","embeddable":true,"href":"https:\/\/vaeter-und-karriere.de\/blog\/index.php\/wp-json\/wp\/v2\/tags?post=7619"}],"curies":[{"name":"wp","href":"https:\/\/api.w.org\/{rel}","templated":true}]}}