{"id":76,"date":"2006-09-08T14:47:24","date_gmt":"2006-09-08T12:47:24","guid":{"rendered":"http:\/\/vaeter-und-karriere.de\/blog\/index.php\/2006\/09\/08\/firmen-suchen-teamarbeiter-mit-sozialen-kompetenzen\/"},"modified":"2006-09-08T14:49:51","modified_gmt":"2006-09-08T12:49:51","slug":"firmen-suchen-teamarbeiter-mit-sozialen-kompetenzen","status":"publish","type":"post","link":"https:\/\/vaeter-und-karriere.de\/blog\/index.php\/2006\/09\/08\/firmen-suchen-teamarbeiter-mit-sozialen-kompetenzen\/","title":{"rendered":"Firmen suchen Teamarbeiter mit sozialen Kompetenzen"},"content":{"rendered":"<p><span style=\"font-size: 10pt; font-family: Verdana\">Die <a target=\"_blank\" href=\"http:\/\/www.ftd.de\/karriere_management\/karriere\/110647.html?nv=cd-rss820\">Financial Times Deutschland<\/a> berichtete in ihrer Ausgabe vom 6. September \u00fcber einen Mangel an sozialen Kompetenzen bei (angehenden) Managern. &#8218;Fachwissen alleine gen\u00fcgt nicht mehr&#8216;, aber  Kurse \u00fcber das Verhalten gegen\u00fcber Mitarbeitern, F\u00fchrungskompetenz und das Erlernen von Kritikf\u00e4higkeit, die bereits auf den Lehrpl\u00e4nen der Business-Schulen stehen, blieben vielfach unbeachtet.<\/span><\/p>\n<p style=\"margin: 6pt 0cm 0.0001pt\"><span style=\"font-size: 10pt; font-family: Verdana\">Dabei hat eine von der britischen <a href=\"http:\/\/www.agr.org.uk\/\">Association of Graduate Recruiters<\/a> ver\u00f6ffentlichte Umfrage ergeben, dass 46 Prozent der Konzerne ihre Positionen auf Grund fehlender sozialer Kompetenz der Bewerber nicht besetzen konnten. <\/span><\/p>\n<p class=\"MsoNormal\"><span style=\"font-size: 10pt; font-family: Verdana\">Auch die deutsche Industrie- und Handelskammer stellte nach einer Umfrage bei \u00fcber 2000 Unternehmen einen eklatanten Mangel beim Nachwuchs fest: fehlende Pers\u00f6nlichkeit.<\/span><\/p>\n<p class=\"MsoNormal\"><span style=\"font-size: 10pt; font-family: Verdana\">Der Besuch eines MBA Kurses und soziales Engegement sind zwei M\u00f6glichkeiten, soziale Kompetenzen zu erwerben beziehungsweise zu erweitern, im Rahmen einer aktiven Vaterschaft  Verantwortung in der Familie zu \u00fcbernehmen aber in jedem Fall die nachhaltigere Methode zum Erwerb der &#8218;Soft Skills&#8216;.<\/span><\/p>\n","protected":false},"excerpt":{"rendered":"<p>Die Financial Times Deutschland berichtete in ihrer Ausgabe vom 6. September \u00fcber einen Mangel an sozialen Kompetenzen bei (angehenden) Managern. &#8218;Fachwissen alleine gen\u00fcgt nicht mehr&#8216;, aber Kurse \u00fcber das Verhalten gegen\u00fcber Mitarbeitern, F\u00fchrungskompetenz und das Erlernen von Kritikf\u00e4higkeit, die bereits auf den Lehrpl\u00e4nen der Business-Schulen stehen, blieben vielfach unbeachtet. Dabei hat eine von der britischen [&hellip;]<\/p>\n","protected":false},"author":1,"featured_media":0,"comment_status":"open","ping_status":"open","sticky":false,"template":"","format":"standard","meta":[],"categories":[14,3],"tags":[],"_links":{"self":[{"href":"https:\/\/vaeter-und-karriere.de\/blog\/index.php\/wp-json\/wp\/v2\/posts\/76"}],"collection":[{"href":"https:\/\/vaeter-und-karriere.de\/blog\/index.php\/wp-json\/wp\/v2\/posts"}],"about":[{"href":"https:\/\/vaeter-und-karriere.de\/blog\/index.php\/wp-json\/wp\/v2\/types\/post"}],"author":[{"embeddable":true,"href":"https:\/\/vaeter-und-karriere.de\/blog\/index.php\/wp-json\/wp\/v2\/users\/1"}],"replies":[{"embeddable":true,"href":"https:\/\/vaeter-und-karriere.de\/blog\/index.php\/wp-json\/wp\/v2\/comments?post=76"}],"version-history":[{"count":0,"href":"https:\/\/vaeter-und-karriere.de\/blog\/index.php\/wp-json\/wp\/v2\/posts\/76\/revisions"}],"wp:attachment":[{"href":"https:\/\/vaeter-und-karriere.de\/blog\/index.php\/wp-json\/wp\/v2\/media?parent=76"}],"wp:term":[{"taxonomy":"category","embeddable":true,"href":"https:\/\/vaeter-und-karriere.de\/blog\/index.php\/wp-json\/wp\/v2\/categories?post=76"},{"taxonomy":"post_tag","embeddable":true,"href":"https:\/\/vaeter-und-karriere.de\/blog\/index.php\/wp-json\/wp\/v2\/tags?post=76"}],"curies":[{"name":"wp","href":"https:\/\/api.w.org\/{rel}","templated":true}]}}