{"id":756,"date":"2008-04-29T15:44:26","date_gmt":"2008-04-29T14:44:26","guid":{"rendered":"http:\/\/vaeter-und-karriere.de\/blog\/?p=756"},"modified":"2008-04-29T15:44:26","modified_gmt":"2008-04-29T14:44:26","slug":"dihk-prasident-braun-rechnet-mit-uber-30-vater-in-elternzeit","status":"publish","type":"post","link":"https:\/\/vaeter-und-karriere.de\/blog\/index.php\/2008\/04\/29\/dihk-prasident-braun-rechnet-mit-uber-30-vater-in-elternzeit\/","title":{"rendered":"DIHK &#8211; Pr\u00e4sident Braun rechnet mit \u00fcber 30 % V\u00e4ter in Elternzeit"},"content":{"rendered":"<p style=\"margin: 6pt 0cm 0.0001pt;\"><span class=\"text8n\"><span style=\"font-size: 10pt; font-family: Verdana;\">&#8222;Die Vereinbarkeit von Familie und Beruf wird in den Betrieben zu einem immer wichtigeren Thema. \u2026 Das Elterngeld erf\u00fcllt seinen Sinn in jeder Hinsicht. V\u00e4ter k\u00fcmmern sich verst\u00e4rkt um die Kinderbetreuung. Und auch die Unternehmen bewerten vor allem das st\u00e4rkere Engagement der V\u00e4ter in der Kinderbetreuung positiv.<\/span><\/span><\/p>\n<p style=\"margin: 6pt 0cm 0.0001pt;\"><span class=\"text8n\"><span style=\"font-size: 10pt; font-family: Verdana;\">Ich rechne fest damit, dass sich der erkennbare, positive Trend fortsetzt. Der Anteil der V\u00e4ter, die Elternzeit nehmen, wird nach meiner Auffassung schon in den n\u00e4chsten drei Jahren auf 30 &#8211; 40 % weiter steigen.<\/span><\/span><\/p>\n<p style=\"margin: 6pt 0cm 0.0001pt;\"><span class=\"text8n\"><span style=\"font-size: 10pt; font-family: Verdana;\">Auch der Stellenwert einer gelungenen Vereinbarkeit von Familie und Beruf f\u00fcr die Personalpolitik nimmt nachweisbar weiter zu &#8211; in Zeiten zunehmenden Fachkr\u00e4ftemangels ein wichtiges Zeichen f\u00fcr die Anpassungsf\u00e4higkeit der deutschen Wirtschaft. Das zeigt: Wir sind auf dem richtigen Weg.&#8220;<\/span><\/span><span style=\"font-size: 10pt; font-family: Verdana;\"><\/span><\/p>\n<p><a href=\"http:\/\/www.verbaende.com\/News.php4?m=53053\" target=\"_blank\"><span style=\"font-size: 10pt; font-family: Verdana;\">Quelle<\/span><\/a><\/p>\n","protected":false},"excerpt":{"rendered":"<p>&#8222;Die Vereinbarkeit von Familie und Beruf wird in den Betrieben zu einem immer wichtigeren Thema. \u2026 Das Elterngeld erf\u00fcllt seinen Sinn in jeder Hinsicht. V\u00e4ter k\u00fcmmern sich verst\u00e4rkt um die Kinderbetreuung. Und auch die Unternehmen bewerten vor allem das st\u00e4rkere Engagement der V\u00e4ter in der Kinderbetreuung positiv. Ich rechne fest damit, dass sich der erkennbare, [&hellip;]<\/p>\n","protected":false},"author":1,"featured_media":0,"comment_status":"open","ping_status":"open","sticky":false,"template":"","format":"standard","meta":[],"categories":[43,21],"tags":[281,270],"_links":{"self":[{"href":"https:\/\/vaeter-und-karriere.de\/blog\/index.php\/wp-json\/wp\/v2\/posts\/756"}],"collection":[{"href":"https:\/\/vaeter-und-karriere.de\/blog\/index.php\/wp-json\/wp\/v2\/posts"}],"about":[{"href":"https:\/\/vaeter-und-karriere.de\/blog\/index.php\/wp-json\/wp\/v2\/types\/post"}],"author":[{"embeddable":true,"href":"https:\/\/vaeter-und-karriere.de\/blog\/index.php\/wp-json\/wp\/v2\/users\/1"}],"replies":[{"embeddable":true,"href":"https:\/\/vaeter-und-karriere.de\/blog\/index.php\/wp-json\/wp\/v2\/comments?post=756"}],"version-history":[{"count":0,"href":"https:\/\/vaeter-und-karriere.de\/blog\/index.php\/wp-json\/wp\/v2\/posts\/756\/revisions"}],"wp:attachment":[{"href":"https:\/\/vaeter-und-karriere.de\/blog\/index.php\/wp-json\/wp\/v2\/media?parent=756"}],"wp:term":[{"taxonomy":"category","embeddable":true,"href":"https:\/\/vaeter-und-karriere.de\/blog\/index.php\/wp-json\/wp\/v2\/categories?post=756"},{"taxonomy":"post_tag","embeddable":true,"href":"https:\/\/vaeter-und-karriere.de\/blog\/index.php\/wp-json\/wp\/v2\/tags?post=756"}],"curies":[{"name":"wp","href":"https:\/\/api.w.org\/{rel}","templated":true}]}}