{"id":750,"date":"2008-04-26T18:37:03","date_gmt":"2008-04-26T17:37:03","guid":{"rendered":"http:\/\/vaeter-und-karriere.de\/blog\/?p=750"},"modified":"2008-04-26T18:37:03","modified_gmt":"2008-04-26T17:37:03","slug":"den-vatern-noch-mehr-den-rucken-starken","status":"publish","type":"post","link":"https:\/\/vaeter-und-karriere.de\/blog\/index.php\/2008\/04\/26\/den-vatern-noch-mehr-den-rucken-starken\/","title":{"rendered":"Den V\u00e4tern noch mehr den R\u00fccken st\u00e4rken"},"content":{"rendered":"<p class=\"MsoNormal\" style=\"margin-top: 6pt;\"><span style=\"font-size: 10pt; font-family: Verdana;\">\u2026 m\u00f6chte <a href=\"http:\/\/www.bmfsfj.de\" target=\"_blank\">Bundesfamilienministerin<\/a> Ursula von der Leyen. \u201aDie Zeit sei reif\u2019 f\u00fcr eine Verl\u00e4ngerung der V\u00e4termonate, \u00e4u\u00dferte sie im Gespr\u00e4ch mit dem Nachrichtenmagazin <a href=\"http:\/\/www.spiegel.de\" target=\"_blank\">Spiegel<\/a>.<\/span><\/p>\n<p class=\"MsoNormal\" style=\"margin-top: 6pt;\"><span style=\"font-size: 10pt; font-family: Verdana;\">Ein von ihr eingesetzter Beraterkreis aus Wissenschaftlern, das sogenannte Kompetenzzentrum Familie, habe sich daf\u00fcr ausgesprochen, die Zahl der V\u00e4termonate zu erh\u00f6hen. &#8222;Das unterst\u00fctze ich voll und ganz&#8220;, sagte sie. <\/span><\/p>\n<p class=\"MsoNormal\" style=\"margin-top: 6pt;\"><span style=\"font-size: 10pt; font-family: Verdana;\">Die Ministerin nimmt damit erneut einen Konflikt mit ihrer eigenen Partei in Kauf. Schon die jetzt geltende V\u00e4terzeit hatte f\u00fcr heftige Kritik in der Union gesorgt und war als &#8222;Wickelvolontariat&#8220; verspottet worden. <\/span><\/p>\n<p class=\"MsoNormal\" style=\"margin-top: 6pt;\"><span style=\"font-size: 10pt; font-family: Verdana;\">Wie viele V\u00e4termonate es k\u00fcnftig geben k\u00f6nnte, lie\u00df von der Leyen offen. &#8222;Das \u00fcberlasse ich der Diskussion, die sich sicher entwickeln wird.&#8220; <\/span><\/p>\n<p class=\"MsoNormal\" style=\"margin-top: 6pt;\"><span style=\"font-size: 10pt; font-family: Verdana;\">Sie begr\u00fcndete ihre Initiative mit den Anliegen vieler junger V\u00e4ter. &#8222;Zwei Drittel w\u00fcnschen sich, der Erzieher und nicht nur der Ern\u00e4hrer ihres Kindes zu sein. Aber 80 Prozent f\u00fcrchten, dass sie mit Hohn und Spott \u00fcbergossen werden, wenn sie f\u00fcr ein paar Monate zu Hause bleiben wollen&#8220;, sagte von der Leyen. &#8222;Die Zeit ist reif, den V\u00e4tern noch mehr den R\u00fccken zu st\u00e4rken.&#8220; <\/span><\/p>\n<p class=\"MsoNormal\" style=\"margin-top: 6pt;\"><span style=\"font-size: 10pt; font-family: Verdana;\">Meiner Ansicht nach w\u00e4re es konsequent, das isl\u00e4ndische Modell zu \u00fcbernehmen: Vier Monate Elternzeit f\u00fcr die Mutter, vier Monate f\u00fcr den Vater und weitere 4 Monate zur freien Aufteilung. Und dazu eine Lohnersatzleistung von 90% ohne Deckelung. Das ergibt dann, zumindest auf Island eine fast 100prozentige Beteiligung der V\u00e4ter.<\/span><\/p>\n<p><a href=\"http:\/\/www.spiegel.de\/politik\/deutschland\/0,1518,549896,00.html\" target=\"_blank\"><span style=\"font-size: 10pt; font-family: Verdana;\">Quelle<\/span><\/a><\/p>\n","protected":false},"excerpt":{"rendered":"<p>\u2026 m\u00f6chte Bundesfamilienministerin Ursula von der Leyen. \u201aDie Zeit sei reif\u2019 f\u00fcr eine Verl\u00e4ngerung der V\u00e4termonate, \u00e4u\u00dferte sie im Gespr\u00e4ch mit dem Nachrichtenmagazin Spiegel. Ein von ihr eingesetzter Beraterkreis aus Wissenschaftlern, das sogenannte Kompetenzzentrum Familie, habe sich daf\u00fcr ausgesprochen, die Zahl der V\u00e4termonate zu erh\u00f6hen. &#8222;Das unterst\u00fctze ich voll und ganz&#8220;, sagte sie. Die Ministerin [&hellip;]<\/p>\n","protected":false},"author":1,"featured_media":0,"comment_status":"open","ping_status":"open","sticky":false,"template":"","format":"standard","meta":[],"categories":[2,6],"tags":[263,87],"_links":{"self":[{"href":"https:\/\/vaeter-und-karriere.de\/blog\/index.php\/wp-json\/wp\/v2\/posts\/750"}],"collection":[{"href":"https:\/\/vaeter-und-karriere.de\/blog\/index.php\/wp-json\/wp\/v2\/posts"}],"about":[{"href":"https:\/\/vaeter-und-karriere.de\/blog\/index.php\/wp-json\/wp\/v2\/types\/post"}],"author":[{"embeddable":true,"href":"https:\/\/vaeter-und-karriere.de\/blog\/index.php\/wp-json\/wp\/v2\/users\/1"}],"replies":[{"embeddable":true,"href":"https:\/\/vaeter-und-karriere.de\/blog\/index.php\/wp-json\/wp\/v2\/comments?post=750"}],"version-history":[{"count":0,"href":"https:\/\/vaeter-und-karriere.de\/blog\/index.php\/wp-json\/wp\/v2\/posts\/750\/revisions"}],"wp:attachment":[{"href":"https:\/\/vaeter-und-karriere.de\/blog\/index.php\/wp-json\/wp\/v2\/media?parent=750"}],"wp:term":[{"taxonomy":"category","embeddable":true,"href":"https:\/\/vaeter-und-karriere.de\/blog\/index.php\/wp-json\/wp\/v2\/categories?post=750"},{"taxonomy":"post_tag","embeddable":true,"href":"https:\/\/vaeter-und-karriere.de\/blog\/index.php\/wp-json\/wp\/v2\/tags?post=750"}],"curies":[{"name":"wp","href":"https:\/\/api.w.org\/{rel}","templated":true}]}}