{"id":7385,"date":"2013-06-20T17:20:36","date_gmt":"2013-06-20T16:20:36","guid":{"rendered":"http:\/\/vaeter-und-karriere.de\/blog\/?p=7385"},"modified":"2013-08-05T13:31:22","modified_gmt":"2013-08-05T13:31:22","slug":"so-fuhlt-es-sich-an-wenn-papa-im-knast-sitzt","status":"publish","type":"post","link":"https:\/\/vaeter-und-karriere.de\/blog\/index.php\/2013\/06\/20\/so-fuhlt-es-sich-an-wenn-papa-im-knast-sitzt\/","title":{"rendered":"So f\u00fchlt es sich an, wenn Papa im Knast sitzt"},"content":{"rendered":"<p>Alex ist niedergeschlagen. Mit seinen Freunden sitzt er auf der Treppe vor dem Haus und erz\u00e4hlt ihnen von seinem Vater. Der sitzt im Gef\u00e4ngnis &#8211; und das ist Alex unangenehm. \u201eIch spreche nicht gerne davon&#8220;, sagt er. \u201eDie meisten Leute verstehen es nicht.&#8220;<\/p>\n<p>Alex ist eine neue Figur der US-\u201e<a href=\"http:\/\/www.sesamestreet.org\" target=\"_blank\">Sesamstra\u00dfe<\/a>&#8222;. Und mit seiner Hilfe soll die Sendung Kindern ein Thema vermitteln, das auf den ersten Blick wenig geeignet f\u00fcr das junge Publikum scheint: inhaftierte Eltern. \u201eIch vermisse ihn so sehr&#8220;, sagt die Figur mit den blauen Haaren. \u201eManchmal m\u00f6chte ich einfach in ein Kissen schlagen und schreien, so laut ich kann.&#8220;<\/p>\n<p>Alex&#8216; menschliche Freundin Sofia, die neben ihm sitzt, sagt: \u201eIch kann nachempfinden, was du durchmachst. Als ich ungef\u00e4hr in deinem Alter war, sa\u00df mein Papa auch im Gef\u00e4ngnis.&#8220; Das geschehe, wenn jemand das Gesetz &#8211; die Regeln der Erwachsenen &#8211; breche. Alex sagt, er sei wegen der Inhaftierung seines Vaters w\u00fctend, besch\u00e4mt. Sofia antwortet, sie habe genauso empfunden. Sich so zu f\u00fchlen, sei vollkommen in Ordnung.<\/p>\n<p>In den USA gibt es 2,7 Millionen Kinder, von denen ein Elternteil inhaftiert ist &#8211; damit ist eines von 28 Kindern betroffen. Gleichzeitig, so die Macher der Sendung, gebe es kaum Hilfe f\u00fcr die Kinder. Deshalb habe man ein Programm entwickelt, das hier Unterst\u00fctzung bieten wolle. Teil dieses Programms ist Alex.<\/p>\n<p>Die Clips mit ihm werden nicht in der regul\u00e4ren \u201eSesamstra\u00dfe&#8220; zu sehen sein, sondern sind Teil eines Online-Programms, das sich &#8222;Kleine Kinder, gro\u00dfe Herausforderungen&#8220; nennt. Dazu geh\u00f6ren Videos, Informationen f\u00fcr Eltern und eine Anleitung: \u201eIch besuche Papa im Gef\u00e4ngnis.&#8220;<\/p>\n<p>Hilfsorganisationen begr\u00fc\u00dfen das Konzept &#8211; aber die Reaktionen sind keineswegs durchweg positiv. Manche Konservative in den USA seien erbost, weil das Programm Inhaftierung als etwas Normales darstelle, berichtet die Zeitung \u201eGlobe and Mail&#8220;. Es wird bem\u00e4ngelt, die &#8222;Sesamstra\u00dfe&#8220; gebe keine Hilfestellung dabei, den Kindern den Unterschied zwischen richtigem und falschem Handeln beizubringen.<\/p>\n<p>Tats\u00e4chlich wird diese Frage aber in dem Videoclip angesprochen. Was sei, wenn er so werde wie sein Vater, fragt Alex. In mancherlei Hinsicht \u00e4hnele man den Eltern, aber nicht in jeder Hinsicht, antwortet Sofia. \u201eDu hast Menschen, denen du wichtig bist, die dir helfen, gute Entscheidungen zu treffen.&#8220;<\/p>\n<p><a href=\"http:\/\/www.spiegel.de\/panorama\/us-sesamstrasse-thematisiert-inhaftierung-von-eltern-a-907045.html \" target=\"_blank\">Quelle<\/a><\/p>\n","protected":false},"excerpt":{"rendered":"<p>Alex ist niedergeschlagen. Mit seinen Freunden sitzt er auf der Treppe vor dem Haus und erz\u00e4hlt ihnen von seinem Vater. Der sitzt im Gef\u00e4ngnis &#8211; und das ist Alex unangenehm. \u201eIch spreche nicht gerne davon&#8220;, sagt er. \u201eDie meisten Leute verstehen es nicht.&#8220; Alex ist eine neue Figur der US-\u201eSesamstra\u00dfe&#8222;. Und mit seiner Hilfe soll [&hellip;]<\/p>\n","protected":false},"author":1,"featured_media":0,"comment_status":"open","ping_status":"open","sticky":false,"template":"","format":"standard","meta":[],"categories":[32,19],"tags":[],"_links":{"self":[{"href":"https:\/\/vaeter-und-karriere.de\/blog\/index.php\/wp-json\/wp\/v2\/posts\/7385"}],"collection":[{"href":"https:\/\/vaeter-und-karriere.de\/blog\/index.php\/wp-json\/wp\/v2\/posts"}],"about":[{"href":"https:\/\/vaeter-und-karriere.de\/blog\/index.php\/wp-json\/wp\/v2\/types\/post"}],"author":[{"embeddable":true,"href":"https:\/\/vaeter-und-karriere.de\/blog\/index.php\/wp-json\/wp\/v2\/users\/1"}],"replies":[{"embeddable":true,"href":"https:\/\/vaeter-und-karriere.de\/blog\/index.php\/wp-json\/wp\/v2\/comments?post=7385"}],"version-history":[{"count":2,"href":"https:\/\/vaeter-und-karriere.de\/blog\/index.php\/wp-json\/wp\/v2\/posts\/7385\/revisions"}],"predecessor-version":[{"id":7478,"href":"https:\/\/vaeter-und-karriere.de\/blog\/index.php\/wp-json\/wp\/v2\/posts\/7385\/revisions\/7478"}],"wp:attachment":[{"href":"https:\/\/vaeter-und-karriere.de\/blog\/index.php\/wp-json\/wp\/v2\/media?parent=7385"}],"wp:term":[{"taxonomy":"category","embeddable":true,"href":"https:\/\/vaeter-und-karriere.de\/blog\/index.php\/wp-json\/wp\/v2\/categories?post=7385"},{"taxonomy":"post_tag","embeddable":true,"href":"https:\/\/vaeter-und-karriere.de\/blog\/index.php\/wp-json\/wp\/v2\/tags?post=7385"}],"curies":[{"name":"wp","href":"https:\/\/api.w.org\/{rel}","templated":true}]}}