{"id":7383,"date":"2013-06-19T17:34:18","date_gmt":"2013-06-19T16:34:18","guid":{"rendered":"http:\/\/vaeter-und-karriere.de\/blog\/?p=7383"},"modified":"2013-06-19T17:34:18","modified_gmt":"2013-06-19T16:34:18","slug":"vorlesen-ist-vatersache-ausstellung-in-der-stadtbibliothek-leverkusen","status":"publish","type":"post","link":"https:\/\/vaeter-und-karriere.de\/blog\/index.php\/2013\/06\/19\/vorlesen-ist-vatersache-ausstellung-in-der-stadtbibliothek-leverkusen\/","title":{"rendered":"Vorlesen ist V\u00e4tersache &#8211; Ausstellung in der Stadtbibliothek Leverkusen"},"content":{"rendered":"<table border=\"0\" cellpadding=\"0\">\n<tbody>\n<tr>\n<td valign=\"top\"><\/td>\n<\/tr>\n<\/tbody>\n<\/table>\n<p>M\u00e4nner lesen nicht vor? Das war gestern. Die Beweise, dass V\u00e4ter viel besser sind als ihr Ruf, liegen nun vor. Zu mindestens gilt dies f\u00fcr Leverkusen!<br \/>\nW\u00e4hrend der Leverkusener Buchwoche Levliest 2013 im April hatte die Stadtbibliothek Leverkusen V\u00e4ter mit ihren Kindern zu einem Fotoshooting eingeladen, und Fotograf J\u00fcrgen Dehniger hat die Familien beim Vorlesen abgelichtet. Die sch\u00f6nsten Bilder k\u00f6nnen ab sofort bis zum 13. Juli w\u00e4hrend der \u00d6ffnungszeiten dienstags bis freitags zwischen 11 und 18 Uhr sowie samstags zwischen 11 und 14 Uhr in der Hauptstelle der Stadtbibliothek betrachtet werden. Danach gehen die gro\u00dfformatigen Fotos in die H\u00e4nde der Familien \u00fcber \u2013 als Dankesch\u00f6n und kleine Gage f\u00fcrs Modell-Stehen bzw. -Lesen.<\/p>\n<p>In der Ausstellung finden Interessierte au\u00dferdem als kleine Nachlese der Levliest-Mitmachaktion \u201eMein Lieblingswort\u201c das Impro-Gedicht von Michael Sch\u00f6nen in der Ausstellung sowie einige \u201eWordles\u201c, welche Sch\u00fclerinnen und Sch\u00fcler des Landrat-Lucas-Gymnasiums aus dem eingesammelten Wortschatz der Aktion erstellt haben.<\/p>\n<p><a href=\"http:\/\/www.leverkusen.com\/presse\/db\/presse.php?view=00024613&amp;stadtteil=&amp;kat= \" target=\"_blank\">Quelle<\/a><\/p>\n","protected":false},"excerpt":{"rendered":"<p>M\u00e4nner lesen nicht vor? Das war gestern. Die Beweise, dass V\u00e4ter viel besser sind als ihr Ruf, liegen nun vor. Zu mindestens gilt dies f\u00fcr Leverkusen! W\u00e4hrend der Leverkusener Buchwoche Levliest 2013 im April hatte die Stadtbibliothek Leverkusen V\u00e4ter mit ihren Kindern zu einem Fotoshooting eingeladen, und Fotograf J\u00fcrgen Dehniger hat die Familien beim Vorlesen [&hellip;]<\/p>\n","protected":false},"author":1,"featured_media":0,"comment_status":"open","ping_status":"open","sticky":false,"template":"","format":"standard","meta":[],"categories":[43],"tags":[233],"_links":{"self":[{"href":"https:\/\/vaeter-und-karriere.de\/blog\/index.php\/wp-json\/wp\/v2\/posts\/7383"}],"collection":[{"href":"https:\/\/vaeter-und-karriere.de\/blog\/index.php\/wp-json\/wp\/v2\/posts"}],"about":[{"href":"https:\/\/vaeter-und-karriere.de\/blog\/index.php\/wp-json\/wp\/v2\/types\/post"}],"author":[{"embeddable":true,"href":"https:\/\/vaeter-und-karriere.de\/blog\/index.php\/wp-json\/wp\/v2\/users\/1"}],"replies":[{"embeddable":true,"href":"https:\/\/vaeter-und-karriere.de\/blog\/index.php\/wp-json\/wp\/v2\/comments?post=7383"}],"version-history":[{"count":1,"href":"https:\/\/vaeter-und-karriere.de\/blog\/index.php\/wp-json\/wp\/v2\/posts\/7383\/revisions"}],"predecessor-version":[{"id":7384,"href":"https:\/\/vaeter-und-karriere.de\/blog\/index.php\/wp-json\/wp\/v2\/posts\/7383\/revisions\/7384"}],"wp:attachment":[{"href":"https:\/\/vaeter-und-karriere.de\/blog\/index.php\/wp-json\/wp\/v2\/media?parent=7383"}],"wp:term":[{"taxonomy":"category","embeddable":true,"href":"https:\/\/vaeter-und-karriere.de\/blog\/index.php\/wp-json\/wp\/v2\/categories?post=7383"},{"taxonomy":"post_tag","embeddable":true,"href":"https:\/\/vaeter-und-karriere.de\/blog\/index.php\/wp-json\/wp\/v2\/tags?post=7383"}],"curies":[{"name":"wp","href":"https:\/\/api.w.org\/{rel}","templated":true}]}}