{"id":737,"date":"2008-04-17T09:12:16","date_gmt":"2008-04-17T08:12:16","guid":{"rendered":"http:\/\/vaeter-und-karriere.de\/blog\/?p=737"},"modified":"2008-04-17T09:12:16","modified_gmt":"2008-04-17T08:12:16","slug":"geschichtenvorleser-gefragt","status":"publish","type":"post","link":"https:\/\/vaeter-und-karriere.de\/blog\/index.php\/2008\/04\/17\/geschichtenvorleser-gefragt\/","title":{"rendered":"Geschichtenvorleser gefragt"},"content":{"rendered":"<p class=\"MsoNormal\" style=\"margin: 6pt 0cm 0.0001pt; line-height: normal;\"><span style=\"font-size: 10pt; font-family: Verdana;\">V\u00e4ter sind im Alltag kleiner Kinder noch immer weniger pr\u00e4sent als M\u00fctter. Daf\u00fcr ist ihr Einfluss auf die kognitive Entwicklung und damit auf den Schulerfolg der Kinder \u00fcberraschend gro\u00df. Das stellt jetzt eine Studie der Ruhruniversit\u00e4t Bochum zur Entwicklung im Vorschulalter bei t\u00fcrkischst\u00e4mmigen und deutschen Familien heraus.<\/span><\/p>\n<p class=\"MsoNormal\" style=\"margin: 6pt 0cm 0.0001pt; line-height: normal;\"><img loading=\"lazy\" class=\"alignright\" style=\"float: right;\" src=\"http:\/\/www.ruhr-uni-bochum.de\/rubin\/rubin-fruehjahr-08\/grafiken-startseite\/beitrag3.jpg\" alt=\"\" width=\"250\" height=\"170\" \/><\/p>\n<p class=\"MsoNormal\" style=\"margin: 6pt 0cm 0.0001pt; line-height: normal;\"><span style=\"font-size: 10pt; font-family: Verdana;\">\u2026 Noch \u00fcberraschender waren die Ergebnisse hinsichtlich der Bildung der V\u00e4ter: Obwohl V\u00e4ter weniger Zeit mit ihren Kindern verbringen, \u00fcben sie einen gro\u00dfen Einfluss auf deren sprachliche Entwicklung aus. Bei den deutschen Kindern h\u00e4ngt dies vermutlich mit der Bildungsn\u00e4he von M\u00fcttern und V\u00e4tern zusammen, die bei den t\u00fcrkischst\u00e4mmigen Familien nicht gegeben ist. <\/span><\/p>\n<p class=\"MsoNormal\" style=\"margin: 6pt 0cm 0.0001pt; line-height: normal;\"><span style=\"font-size: 10pt; font-family: Verdana;\">Trotzdem beeinflusst die Bildung der V\u00e4ter die deutschen Sprachkenntnisse der Kinder, sogar unabh\u00e4ngig davon, dass ein h\u00f6herer Prozentsatz der V\u00e4ter als der M\u00fctter erst als Erwachsene aus der T\u00fcrkei einwanderte. Wie kommt es aber, dass V\u00e4ter, die im Alltag weniger pr\u00e4sent sind als die M\u00fctter, einen so gro\u00dfen Einfluss auf die Entwicklung der Kinder haben?<\/span><!--more--><span style=\"font-size: 10pt; font-family: Verdana;\"> <\/span><\/p>\n<p class=\"MsoNormal\" style=\"margin: 6pt 0cm 0.0001pt; line-height: normal;\"><span style=\"font-size: 10pt; font-family: Verdana;\">Eine Antwort lieferte im Rahmen der Studie ein Test, der die kognitive Entwicklung der Kinder erfasst: Danach tr\u00e4gt die Bildung der M\u00fctter durchaus zur kognitiven Entwicklung der Kinder bei, doch wenn sich die V\u00e4ter engagieren, ist ihr Einfluss auf die kognitive Entwicklung der Kinder besonders hoch. <\/span><\/p>\n<p class=\"MsoNormal\" style=\"margin: 6pt 0cm 0.0001pt; line-height: normal;\"><span style=\"font-size: 10pt; font-family: Verdana;\">\u2026 Die Unterschiede zwischen den Familien erkl\u00e4ren sich aber durch die Schuldbildung die V\u00e4ter: Mit deren Schulbildung nimmt auch die Wahrscheinlichkeit zu, dass sie selber lesen, dass ihre Kinder mehr B\u00fccher haben und dass auch sie den Kindern mehr vorlesen. <\/span><\/p>\n<p><a href=\"http:\/\/www.ruhr-uni-bochum.de\/rubin\/rubin-fruehjahr-08\/geistes.html\" target=\"_blank\"><span style=\"font-size: 10pt; line-height: 115%; font-family: Verdana;\">Quelle<\/span><\/a><\/p>\n","protected":false},"excerpt":{"rendered":"<p>V\u00e4ter sind im Alltag kleiner Kinder noch immer weniger pr\u00e4sent als M\u00fctter. Daf\u00fcr ist ihr Einfluss auf die kognitive Entwicklung und damit auf den Schulerfolg der Kinder \u00fcberraschend gro\u00df. Das stellt jetzt eine Studie der Ruhruniversit\u00e4t Bochum zur Entwicklung im Vorschulalter bei t\u00fcrkischst\u00e4mmigen und deutschen Familien heraus. \u2026 Noch \u00fcberraschender waren die Ergebnisse hinsichtlich der [&hellip;]<\/p>\n","protected":false},"author":1,"featured_media":0,"comment_status":"open","ping_status":"open","sticky":false,"template":"","format":"standard","meta":[],"categories":[43,20],"tags":[281,269],"_links":{"self":[{"href":"https:\/\/vaeter-und-karriere.de\/blog\/index.php\/wp-json\/wp\/v2\/posts\/737"}],"collection":[{"href":"https:\/\/vaeter-und-karriere.de\/blog\/index.php\/wp-json\/wp\/v2\/posts"}],"about":[{"href":"https:\/\/vaeter-und-karriere.de\/blog\/index.php\/wp-json\/wp\/v2\/types\/post"}],"author":[{"embeddable":true,"href":"https:\/\/vaeter-und-karriere.de\/blog\/index.php\/wp-json\/wp\/v2\/users\/1"}],"replies":[{"embeddable":true,"href":"https:\/\/vaeter-und-karriere.de\/blog\/index.php\/wp-json\/wp\/v2\/comments?post=737"}],"version-history":[{"count":0,"href":"https:\/\/vaeter-und-karriere.de\/blog\/index.php\/wp-json\/wp\/v2\/posts\/737\/revisions"}],"wp:attachment":[{"href":"https:\/\/vaeter-und-karriere.de\/blog\/index.php\/wp-json\/wp\/v2\/media?parent=737"}],"wp:term":[{"taxonomy":"category","embeddable":true,"href":"https:\/\/vaeter-und-karriere.de\/blog\/index.php\/wp-json\/wp\/v2\/categories?post=737"},{"taxonomy":"post_tag","embeddable":true,"href":"https:\/\/vaeter-und-karriere.de\/blog\/index.php\/wp-json\/wp\/v2\/tags?post=737"}],"curies":[{"name":"wp","href":"https:\/\/api.w.org\/{rel}","templated":true}]}}