{"id":712,"date":"2008-04-02T08:58:24","date_gmt":"2008-04-02T07:58:24","guid":{"rendered":"http:\/\/vaeter-und-karriere.de\/blog\/index.php\/2008\/04\/02\/vater-urlaub-statt-papa-monat\/"},"modified":"2008-04-02T08:58:24","modified_gmt":"2008-04-02T07:58:24","slug":"vater-urlaub-statt-papa-monat","status":"publish","type":"post","link":"https:\/\/vaeter-und-karriere.de\/blog\/index.php\/2008\/04\/02\/vater-urlaub-statt-papa-monat\/","title":{"rendered":"V\u00e4ter-Urlaub statt Papa-Monat"},"content":{"rendered":"<p class=\"MsoNormal\" style=\"margin-top: 6pt\"><span style=\"font-size: 10pt; font-family: Verdana\">Auch in \u00d6sterreich wird die Einf\u00fchrung einer Elternzeit f\u00fcr V\u00e4ter diskutiert.<o:p><\/o:p><\/span><\/p>\n<p class=\"MsoNormal\" style=\"margin-top: 6pt\"><span style=\"font-size: 10pt; font-family: Verdana\">Im Sommer 2007 hat SP-Sozialminister <a href=\"http:\/\/www.erwin-buchinger.at\/cms\/buchinger\/\" target=\"_blank\">Erwin Buchinger<\/a> mit seinem Vorschlag f\u00fcr einen Papa-Monat nach skandinavischem Vorbild f\u00fcr koalition\u00e4re Aufregung gesorgt. Nun, knapp neun Monate sp\u00e4ter, hat die <a href=\"http:\/\/www.oevp.at\/index.aspx?pageid=737&amp;bhcp=1\" target=\"_blank\">\u00d6VP<\/a> ein Gegenmodell geboren: Einen Rechtsanspruch der V\u00e4ter auf Urlaub nach der Geburt ihres Kindes. Die Intention ist (scheinbar) dieselbe: V\u00e4ter sollen sich mehr an der Kindererziehung beteiligen. <o:p><\/o:p><\/span><\/p>\n<p class=\"MsoNormal\" style=\"margin-top: 6pt\"><span style=\"font-size: 10pt; font-family: Verdana\">Ein berufst\u00e4tiger Vater soll die M\u00f6glichkeit haben, bei der Geburt eines Kindes zwei Wochen Urlaub zu nehmen &#8211; auch, wenn das sein Arbeitgeber nicht will. Die \u00d6VP sieht mehrere Vorteile gegen\u00fcber dem <a href=\"http:\/\/www.spoe.at\/\" target=\"_blank\">SP\u00d6<\/a>-Modell des Papa-Monats, das nach Art des Mutterschutzes oder der Karenz eine vierw\u00f6chige Auszeit vorsieht: <\/span><!--more--><span style=\"font-size: 10pt; font-family: Verdana\">Der Papa-Monat k\u00e4me teuer und bringe zu wenig.<o:p><\/o:p><\/span><\/p>\n<p class=\"MsoNormal\" style=\"margin-top: 6pt\"><span style=\"font-size: 10pt; font-family: Verdana\">Abgesehen davon, dass der Vorschlag an der Wirklichkeit vorbei geht, viele V\u00e4ter nehmen sich bereits Urlaub und die wenigsten Arbeitgeber verhindern das. Wenn es wirklich um eine verst\u00e4rkte Einbeziehung der V\u00e4ter gehen soll, kann ich das nicht unter der \u00dcberschrift \u201aUrlaub\u2019 machen. Denn darum geht es gerade nicht.<o:p><\/o:p><\/span><\/p>\n<p class=\"MsoNormal\" style=\"margin-top: 6pt\"><span style=\"font-size: 10pt; font-family: Verdana\">In Deutschland ist diese Bezeichnung zu Recht schon vor 6 Jahren abgeschafft worden, es geht icht um Erziehungsurlaub, sondern um Erziehungsarbeit und um die Wertsch\u00e4tzung dieser T\u00e4tigkeit.<o:p><\/o:p><\/span><\/p>\n<p class=\"MsoNormal\" style=\"margin-top: 6pt\"><span style=\"font-size: 10pt; font-family: Verdana\">Mit den zwei \u201aV\u00e4termonaten\u2019 ist Deutschland einen zaghaften Schritt hin zu dem skandinavischen Modellen gegangen. Das was jetzt in \u00d6sterreich diskutiert wird, liegt noch einmal um Jahre, wenn nicht Jahrzehnte dahinter zur\u00fcck.<o:p><\/o:p><\/span><\/p>\n<p class=\"MsoNormal\" style=\"margin-top: 6pt\"><a href=\"http:\/\/diepresse.com\/home\/politik\/innenpolitik\/373658\/index.do?_vl_backlink=\/home\/politik\/index.do\" target=\"_blank\"><span style=\"font-size: 10pt; font-family: Verdana\">Quelle<\/span><\/a><\/p>\n<p><span style=\"font-size: 8pt; font-family: Verdana\"><\/span><\/p>\n","protected":false},"excerpt":{"rendered":"<p>Auch in \u00d6sterreich wird die Einf\u00fchrung einer Elternzeit f\u00fcr V\u00e4ter diskutiert. Im Sommer 2007 hat SP-Sozialminister Erwin Buchinger mit seinem Vorschlag f\u00fcr einen Papa-Monat nach skandinavischem Vorbild f\u00fcr koalition\u00e4re Aufregung gesorgt. Nun, knapp neun Monate sp\u00e4ter, hat die \u00d6VP ein Gegenmodell geboren: Einen Rechtsanspruch der V\u00e4ter auf Urlaub nach der Geburt ihres Kindes. Die Intention [&hellip;]<\/p>\n","protected":false},"author":1,"featured_media":0,"comment_status":"open","ping_status":"open","sticky":false,"template":"","format":"standard","meta":[],"categories":[43,2],"tags":[],"_links":{"self":[{"href":"https:\/\/vaeter-und-karriere.de\/blog\/index.php\/wp-json\/wp\/v2\/posts\/712"}],"collection":[{"href":"https:\/\/vaeter-und-karriere.de\/blog\/index.php\/wp-json\/wp\/v2\/posts"}],"about":[{"href":"https:\/\/vaeter-und-karriere.de\/blog\/index.php\/wp-json\/wp\/v2\/types\/post"}],"author":[{"embeddable":true,"href":"https:\/\/vaeter-und-karriere.de\/blog\/index.php\/wp-json\/wp\/v2\/users\/1"}],"replies":[{"embeddable":true,"href":"https:\/\/vaeter-und-karriere.de\/blog\/index.php\/wp-json\/wp\/v2\/comments?post=712"}],"version-history":[{"count":0,"href":"https:\/\/vaeter-und-karriere.de\/blog\/index.php\/wp-json\/wp\/v2\/posts\/712\/revisions"}],"wp:attachment":[{"href":"https:\/\/vaeter-und-karriere.de\/blog\/index.php\/wp-json\/wp\/v2\/media?parent=712"}],"wp:term":[{"taxonomy":"category","embeddable":true,"href":"https:\/\/vaeter-und-karriere.de\/blog\/index.php\/wp-json\/wp\/v2\/categories?post=712"},{"taxonomy":"post_tag","embeddable":true,"href":"https:\/\/vaeter-und-karriere.de\/blog\/index.php\/wp-json\/wp\/v2\/tags?post=712"}],"curies":[{"name":"wp","href":"https:\/\/api.w.org\/{rel}","templated":true}]}}