{"id":707,"date":"2008-03-28T12:08:01","date_gmt":"2008-03-28T11:08:01","guid":{"rendered":"http:\/\/vaeter-und-karriere.de\/blog\/index.php\/2008\/03\/28\/hebammen-kurse-fur-junge-vater\/"},"modified":"2008-03-28T12:11:51","modified_gmt":"2008-03-28T11:11:51","slug":"hebammen-kurse-fur-junge-vater","status":"publish","type":"post","link":"https:\/\/vaeter-und-karriere.de\/blog\/index.php\/2008\/03\/28\/hebammen-kurse-fur-junge-vater\/","title":{"rendered":"Hebammen-Kurse f\u00fcr junge V\u00e4ter"},"content":{"rendered":"<p>So wird ein sehr sch\u00f6ner Beitrag von <a href=\"http:\/\/www.tvbvideo.de\/search\/?q=user:tv-berlin\">tv-berlin<\/a> \u00fcber das Berliner <a href=\"http:\/\/www.vaeterzentrum-berlin.de\" target=\"_blank\">V\u00e4terzentrum <\/a>\u00fcberschrieben.<\/p>\n<p>Mir wird bei diesem Titel \u00fcberdeutlich, es fehlt nicht nur an R\u00e4umen f\u00fcr V\u00e4ter, sondern auch an Worten, um das Engagament und die Bed\u00fcrfnisse aktiver V\u00e4ter angemessen auszudr\u00fccken.<\/p>\n<p><object type=\"application\/x-shockwave-flash\" data=\"http:\/\/www.tvbvideo.de\/p\/de\/iLyROoafYYAp.html\" height=\"368\" width=\"400\"><\/object><\/p>\n","protected":false},"excerpt":{"rendered":"<p>So wird ein sehr sch\u00f6ner Beitrag von tv-berlin \u00fcber das Berliner V\u00e4terzentrum \u00fcberschrieben. Mir wird bei diesem Titel \u00fcberdeutlich, es fehlt nicht nur an R\u00e4umen f\u00fcr V\u00e4ter, sondern auch an Worten, um das Engagament und die Bed\u00fcrfnisse aktiver V\u00e4ter angemessen auszudr\u00fccken.<\/p>\n","protected":false},"author":1,"featured_media":0,"comment_status":"open","ping_status":"open","sticky":false,"template":"","format":"standard","meta":[],"categories":[43,33],"tags":[],"_links":{"self":[{"href":"https:\/\/vaeter-und-karriere.de\/blog\/index.php\/wp-json\/wp\/v2\/posts\/707"}],"collection":[{"href":"https:\/\/vaeter-und-karriere.de\/blog\/index.php\/wp-json\/wp\/v2\/posts"}],"about":[{"href":"https:\/\/vaeter-und-karriere.de\/blog\/index.php\/wp-json\/wp\/v2\/types\/post"}],"author":[{"embeddable":true,"href":"https:\/\/vaeter-und-karriere.de\/blog\/index.php\/wp-json\/wp\/v2\/users\/1"}],"replies":[{"embeddable":true,"href":"https:\/\/vaeter-und-karriere.de\/blog\/index.php\/wp-json\/wp\/v2\/comments?post=707"}],"version-history":[{"count":0,"href":"https:\/\/vaeter-und-karriere.de\/blog\/index.php\/wp-json\/wp\/v2\/posts\/707\/revisions"}],"wp:attachment":[{"href":"https:\/\/vaeter-und-karriere.de\/blog\/index.php\/wp-json\/wp\/v2\/media?parent=707"}],"wp:term":[{"taxonomy":"category","embeddable":true,"href":"https:\/\/vaeter-und-karriere.de\/blog\/index.php\/wp-json\/wp\/v2\/categories?post=707"},{"taxonomy":"post_tag","embeddable":true,"href":"https:\/\/vaeter-und-karriere.de\/blog\/index.php\/wp-json\/wp\/v2\/tags?post=707"}],"curies":[{"name":"wp","href":"https:\/\/api.w.org\/{rel}","templated":true}]}}