{"id":706,"date":"2008-03-27T18:23:43","date_gmt":"2008-03-27T17:23:43","guid":{"rendered":"http:\/\/vaeter-und-karriere.de\/blog\/index.php\/2008\/03\/27\/berlins-erste-vater-schule-eroffnet\/"},"modified":"2008-03-28T00:20:48","modified_gmt":"2008-03-27T23:20:48","slug":"berlins-erste-vater-schule-eroffnet","status":"publish","type":"post","link":"https:\/\/vaeter-und-karriere.de\/blog\/index.php\/2008\/03\/27\/berlins-erste-vater-schule-eroffnet\/","title":{"rendered":"Berlins erste V\u00e4ter-Schule er\u00f6ffnet"},"content":{"rendered":"<p class=\"MsoNormal\" style=\"margin-top: 6pt\"><span style=\"font-size: 10pt; font-family: Verdana\">Vermeldet die <a href=\"http:\/\/www.morgenpost.de\/content\/2008\/03\/25\/berlin\/953642.html\" target=\"_blank\">Berliner Morgenpost<\/a> zu Beginn dieser Woche.<o:p><\/o:p><\/span><\/p>\n<p class=\"MsoNormal\" style=\"margin-top: 6pt\"><span style=\"font-size: 10pt; font-family: Verdana\">Ich sch\u00e4tze die Arbeit meiner Berliner Kollegen Eberhard Sch\u00e4fer und Marc Schulte sehr und daher m\u00f6chte ich an dieser Stelle deutlich machen, dass dieses Bild nicht passt.<o:p><\/o:p><\/span><\/p>\n<p class=\"MsoNormal\" style=\"margin-top: 6pt\"><span style=\"font-size: 10pt; font-family: Verdana\">Nicht nur, dass das <a href=\"http:\/\/www.vaeterzentrum-berlin.de\" target=\"_blank\">Berliner V\u00e4terzentrum<\/a> schon l\u00e4ngere Zeit existiert, nein, V\u00e4ter lernen ab dem Moment als V\u00e4ter, in dem sie sich auf die Beziehung zu ihren Kindern einlassen.<o:p><\/o:p><\/span><\/p>\n<p class=\"MsoNormal\" style=\"margin-top: 6pt\"><span style=\"font-size: 10pt; font-family: Verdana\">Die Lernimpulse gehen, wie Alexandra Schmidt Wenzel in ihren <a href=\"http:\/\/www.amazon.de\/Wie-Eltern-lernen-Alexandra-Schmidt-Wenzel\/dp\/3866491735\/ref=sr_1_13?ie=UTF8&amp;s=books&amp;qid=1206637842&amp;sr=8-13\" target=\"_blank\">Untersuchungen<\/a> herausgearbeitet hat, vom Kind aus und sie sind m\u00e4chtig. Die Kinder fordern Aufmerksamkeit, Klarheit und Konsequenz, aussitzen und raushalten geht nicht oder ist sehr viel anstrengender als sich einlassen und lernen.<o:p><\/o:p><\/span><\/p>\n<p class=\"MsoNormal\" style=\"margin-top: 6pt\"><span style=\"font-size: 10pt; font-family: Verdana\">Die Lerneffekte, insbesondere im Bereich der sogenannten \u201aSoft Skills\u2019 sind betr\u00e4chtlich und k\u00f6nn(t)en als Plus f\u00fcr jede Woche Elternzeit verbucht werden.<o:p><\/o:p><\/span><\/p>\n<p class=\"MsoNormal\" style=\"margin-top: 6pt\"><span style=\"font-size: 10pt; font-family: Verdana\">Und die Schule, dass ist f\u00fcr viele V\u00e4ter der Ort, an den sie eigentlich nicht mehr zur\u00fcck m\u00f6chten, wegen der unangenehmen Erinnerungen und der mangelnden Wertsch\u00e4tzung. Die spielt in diesem Zusammenhang n\u00e4mlich auch eine ganz wichtige Rolle.<o:p><\/o:p><\/span><\/p>\n","protected":false},"excerpt":{"rendered":"<p>Vermeldet die Berliner Morgenpost zu Beginn dieser Woche. Ich sch\u00e4tze die Arbeit meiner Berliner Kollegen Eberhard Sch\u00e4fer und Marc Schulte sehr und daher m\u00f6chte ich an dieser Stelle deutlich machen, dass dieses Bild nicht passt. Nicht nur, dass das Berliner V\u00e4terzentrum schon l\u00e4ngere Zeit existiert, nein, V\u00e4ter lernen ab dem Moment als V\u00e4ter, in dem [&hellip;]<\/p>\n","protected":false},"author":1,"featured_media":0,"comment_status":"open","ping_status":"open","sticky":false,"template":"","format":"standard","meta":[],"categories":[43,35],"tags":[],"_links":{"self":[{"href":"https:\/\/vaeter-und-karriere.de\/blog\/index.php\/wp-json\/wp\/v2\/posts\/706"}],"collection":[{"href":"https:\/\/vaeter-und-karriere.de\/blog\/index.php\/wp-json\/wp\/v2\/posts"}],"about":[{"href":"https:\/\/vaeter-und-karriere.de\/blog\/index.php\/wp-json\/wp\/v2\/types\/post"}],"author":[{"embeddable":true,"href":"https:\/\/vaeter-und-karriere.de\/blog\/index.php\/wp-json\/wp\/v2\/users\/1"}],"replies":[{"embeddable":true,"href":"https:\/\/vaeter-und-karriere.de\/blog\/index.php\/wp-json\/wp\/v2\/comments?post=706"}],"version-history":[{"count":0,"href":"https:\/\/vaeter-und-karriere.de\/blog\/index.php\/wp-json\/wp\/v2\/posts\/706\/revisions"}],"wp:attachment":[{"href":"https:\/\/vaeter-und-karriere.de\/blog\/index.php\/wp-json\/wp\/v2\/media?parent=706"}],"wp:term":[{"taxonomy":"category","embeddable":true,"href":"https:\/\/vaeter-und-karriere.de\/blog\/index.php\/wp-json\/wp\/v2\/categories?post=706"},{"taxonomy":"post_tag","embeddable":true,"href":"https:\/\/vaeter-und-karriere.de\/blog\/index.php\/wp-json\/wp\/v2\/tags?post=706"}],"curies":[{"name":"wp","href":"https:\/\/api.w.org\/{rel}","templated":true}]}}