{"id":7048,"date":"2013-02-23T10:32:46","date_gmt":"2013-02-23T09:32:46","guid":{"rendered":"http:\/\/vaeter-und-karriere.de\/blog\/?p=7048"},"modified":"2013-08-05T13:45:00","modified_gmt":"2013-08-05T13:45:00","slug":"vater-sohne-ausstellung-im-bilderbuchmuseum","status":"publish","type":"post","link":"https:\/\/vaeter-und-karriere.de\/blog\/index.php\/2013\/02\/23\/vater-sohne-ausstellung-im-bilderbuchmuseum\/","title":{"rendered":"V\u00e4ter &#038; S\u00f6hne Ausstellung im Bilderbuchmuseum"},"content":{"rendered":"<p>Mit der Gegen\u00fcberstellung der Bilder von Vater <a href=\"http:\/\/de.wikipedia.org\/wiki\/Karl_Heidelbach \" target=\"_blank\">Karl<\/a> und Sohn <a href=\"http:\/\/de.wikipedia.org\/wiki\/Nikolaus_Heidelbach\" target=\"_blank\">Nikolaus Heidelbach<\/a> hat das <a href=\"http:\/\/www1.troisdorf.de\/museum\/ \" target=\"_blank\">Bilderbuchmuseum<\/a> in Schloss Wissem ein ungew\u00f6hnliches Konzept f\u00fcr eine Ausstellung erdacht<\/p>\n<p>Nikolaus Heidelbach freut sich sehr, dass Arbeiten seines Vaters noch einmal \u00f6ffentlich zu sehen sind. Die Stadt K\u00f6ln, wo die Familie seit 1968 lebt, habe es weder zu Karl Heidelbachs 80. noch zum 90. Geburtstag f\u00fcr n\u00f6tig gehalten, seine Bilder zu zeigen. \u201eIch bin ein gro\u00dfer Bewunderer meines Vaters\u201c, sagt er unumwunden.<\/p>\n<p>Es sei schwierig gewesen, sich gegen ihn durchzusetzen, r\u00e4umt er ein. \u201eDa malt man immer hinterher.\u201c Umso wichtiger sei es gewesen, eigene Wege zu gehen. Heute ist der Sohn einer der erfolgreichsten deutschen Bilderbuchillustratoren. Er erhielt zahlreiche Auszeichnungen, darunter den Deutschen Jugendliteraturpreis f\u00fcr \u201eK\u00f6nigin Gisela\u201c.<\/p>\n<p>Immer wieder h\u00e4tten sein Vater und er sich ihre Arbeiten gezeigt und sie besprochen. Dabei habe er gelernt, dass man \u201emit Respekt, aber ohne Vorbehalte\u201c \u00fcber Bilder reden kann. Weniger sei es dabei um Technik gegangen, eher um einen bestimmten Blick auf die Welt und auf \u201eDetails, die etwas erz\u00e4hlen\u201c.<\/p>\n<p>Sonntag, den 17. M\u00e4rz 2013, beantwortet der Illustrator im Rahmen der Ausstellung Fragen zu seinem Werk, aber auch zu seinem (k\u00fcnstlerischen) Verh\u00e4ltnis zwischen Vater und Sohn.<\/p>\n<p><a href=\"http:\/\/www.ksta.de\/troisdorf\/bilderbuchmuseum-burg-wissem-vater-und-sohn-stellen-aus,15189204,21909758.html\" target=\"_blank\">Quelle<\/a><\/p>\n","protected":false},"excerpt":{"rendered":"<p>Mit der Gegen\u00fcberstellung der Bilder von Vater Karl und Sohn Nikolaus Heidelbach hat das Bilderbuchmuseum in Schloss Wissem ein ungew\u00f6hnliches Konzept f\u00fcr eine Ausstellung erdacht Nikolaus Heidelbach freut sich sehr, dass Arbeiten seines Vaters noch einmal \u00f6ffentlich zu sehen sind. Die Stadt K\u00f6ln, wo die Familie seit 1968 lebt, habe es weder zu Karl Heidelbachs [&hellip;]<\/p>\n","protected":false},"author":1,"featured_media":0,"comment_status":"open","ping_status":"open","sticky":false,"template":"","format":"standard","meta":[],"categories":[128,56,24],"tags":[150,197],"_links":{"self":[{"href":"https:\/\/vaeter-und-karriere.de\/blog\/index.php\/wp-json\/wp\/v2\/posts\/7048"}],"collection":[{"href":"https:\/\/vaeter-und-karriere.de\/blog\/index.php\/wp-json\/wp\/v2\/posts"}],"about":[{"href":"https:\/\/vaeter-und-karriere.de\/blog\/index.php\/wp-json\/wp\/v2\/types\/post"}],"author":[{"embeddable":true,"href":"https:\/\/vaeter-und-karriere.de\/blog\/index.php\/wp-json\/wp\/v2\/users\/1"}],"replies":[{"embeddable":true,"href":"https:\/\/vaeter-und-karriere.de\/blog\/index.php\/wp-json\/wp\/v2\/comments?post=7048"}],"version-history":[{"count":2,"href":"https:\/\/vaeter-und-karriere.de\/blog\/index.php\/wp-json\/wp\/v2\/posts\/7048\/revisions"}],"predecessor-version":[{"id":7491,"href":"https:\/\/vaeter-und-karriere.de\/blog\/index.php\/wp-json\/wp\/v2\/posts\/7048\/revisions\/7491"}],"wp:attachment":[{"href":"https:\/\/vaeter-und-karriere.de\/blog\/index.php\/wp-json\/wp\/v2\/media?parent=7048"}],"wp:term":[{"taxonomy":"category","embeddable":true,"href":"https:\/\/vaeter-und-karriere.de\/blog\/index.php\/wp-json\/wp\/v2\/categories?post=7048"},{"taxonomy":"post_tag","embeddable":true,"href":"https:\/\/vaeter-und-karriere.de\/blog\/index.php\/wp-json\/wp\/v2\/tags?post=7048"}],"curies":[{"name":"wp","href":"https:\/\/api.w.org\/{rel}","templated":true}]}}