{"id":7046,"date":"2013-02-22T20:33:32","date_gmt":"2013-02-22T19:33:32","guid":{"rendered":"http:\/\/vaeter-und-karriere.de\/blog\/?p=7046"},"modified":"2013-08-05T13:45:25","modified_gmt":"2013-08-05T13:45:25","slug":"linke-vorsitzende-kritisiert-zwange-fur-junge-vater","status":"publish","type":"post","link":"https:\/\/vaeter-und-karriere.de\/blog\/index.php\/2013\/02\/22\/linke-vorsitzende-kritisiert-zwange-fur-junge-vater\/","title":{"rendered":"Linke Vorsitzende kritisiert Zw\u00e4nge f\u00fcr junge V\u00e4ter"},"content":{"rendered":"<p><a href=\"http:\/\/de.wikipedia.org\/wiki\/Katja_Kipping\" target=\"_blank\">Katja Kipping<\/a>, Parteivorsitzende der Linken, 35 Jahre alt, ist der Ansicht, dass es nicht nur f\u00fcr Frauen schwierig ist, Beruf und Familie unter einen Hut zu bekommen, sondern vor allem auch f\u00fcr M\u00e4nner. Dem Familienmagazin <a href=\"http:\/\/www.nido.de\/artikel\/nido-32013\/\" target=\"_blank\">Nido<\/a> sagt sie in der aktuellen Ausgabe:<\/p>\n<p>\u201eIch finde, dass es junge V\u00e4ter im Berufsleben oft schwerer haben als M\u00fctter. Wenn V\u00e4ter mal fr\u00fcher gehen wollen, h\u00f6ren sie sofort den Satz: Muss das denn sein?&#8220; Frauen h\u00e4tten immerhin eine Mutterschutzzeit. \u201eF\u00fcr junge V\u00e4ter gilt das nicht. Sie werden somit faktisch gezwungen, wichtige Phasen der Familienarbeit nach der Geburt zu schw\u00e4nzen.&#8220;<\/p>\n<p>Mit ihrem Mann teile sie sich die Arbeit h\u00e4lftig, so Kipping. \u201eDabei geht es nicht um exakt abgesteckte Arbeitsbereiche, sondern vielmehr darum, sich genau abzusprechen: Wer holt unsere Tochter an welchem Tag ab? Oder wer bleibt an welcher Impfstrecke dran?&#8220;<\/p>\n<p><a href=\"http:\/\/www.presseportal.de\/pm\/102049\/2420860\/katja-kipping-im-nido-interview-junge-vaeter-haben-es-im-berufsleben-oft-schwerer-als-muetter \" target=\"_blank\">Quelle<\/a><\/p>\n","protected":false},"excerpt":{"rendered":"<p>Katja Kipping, Parteivorsitzende der Linken, 35 Jahre alt, ist der Ansicht, dass es nicht nur f\u00fcr Frauen schwierig ist, Beruf und Familie unter einen Hut zu bekommen, sondern vor allem auch f\u00fcr M\u00e4nner. Dem Familienmagazin Nido sagt sie in der aktuellen Ausgabe: \u201eIch finde, dass es junge V\u00e4ter im Berufsleben oft schwerer haben als M\u00fctter. [&hellip;]<\/p>\n","protected":false},"author":1,"featured_media":0,"comment_status":"open","ping_status":"open","sticky":false,"template":"","format":"standard","meta":[],"categories":[43,6,24],"tags":[91],"_links":{"self":[{"href":"https:\/\/vaeter-und-karriere.de\/blog\/index.php\/wp-json\/wp\/v2\/posts\/7046"}],"collection":[{"href":"https:\/\/vaeter-und-karriere.de\/blog\/index.php\/wp-json\/wp\/v2\/posts"}],"about":[{"href":"https:\/\/vaeter-und-karriere.de\/blog\/index.php\/wp-json\/wp\/v2\/types\/post"}],"author":[{"embeddable":true,"href":"https:\/\/vaeter-und-karriere.de\/blog\/index.php\/wp-json\/wp\/v2\/users\/1"}],"replies":[{"embeddable":true,"href":"https:\/\/vaeter-und-karriere.de\/blog\/index.php\/wp-json\/wp\/v2\/comments?post=7046"}],"version-history":[{"count":2,"href":"https:\/\/vaeter-und-karriere.de\/blog\/index.php\/wp-json\/wp\/v2\/posts\/7046\/revisions"}],"predecessor-version":[{"id":7492,"href":"https:\/\/vaeter-und-karriere.de\/blog\/index.php\/wp-json\/wp\/v2\/posts\/7046\/revisions\/7492"}],"wp:attachment":[{"href":"https:\/\/vaeter-und-karriere.de\/blog\/index.php\/wp-json\/wp\/v2\/media?parent=7046"}],"wp:term":[{"taxonomy":"category","embeddable":true,"href":"https:\/\/vaeter-und-karriere.de\/blog\/index.php\/wp-json\/wp\/v2\/categories?post=7046"},{"taxonomy":"post_tag","embeddable":true,"href":"https:\/\/vaeter-und-karriere.de\/blog\/index.php\/wp-json\/wp\/v2\/tags?post=7046"}],"curies":[{"name":"wp","href":"https:\/\/api.w.org\/{rel}","templated":true}]}}