{"id":7020,"date":"2013-02-16T10:49:02","date_gmt":"2013-02-16T09:49:02","guid":{"rendered":"http:\/\/vaeter-und-karriere.de\/blog\/?p=7020"},"modified":"2013-02-15T22:56:14","modified_gmt":"2013-02-15T21:56:14","slug":"wenn-mutter-ihre-kinder-missbrauchen","status":"publish","type":"post","link":"https:\/\/vaeter-und-karriere.de\/blog\/index.php\/2013\/02\/16\/wenn-mutter-ihre-kinder-missbrauchen\/","title":{"rendered":"Wenn M\u00fctter ihre Kinder missbrauchen"},"content":{"rendered":"<p><a href=\"http:\/\/www.tauwetter.de\/\"><img loading=\"lazy\" class=\"alignright\" src=\"http:\/\/www.tauwetter.de\/image\/logo.gif\" alt=\"\" width=\"244\" height=\"84\" \/><\/a>Noch immer muss Andrea weinen, wenn sie daran denkt, wie die eigene Mutter sich an ihr, der damals Vierj\u00e4hrigen, in der Badewanne und im elterlichen Bett verging. Die einsame Mutter benutzte ihre Tochter zur Befriedigung sexueller W\u00fcnsche. Erst in der Pubert\u00e4t, als Andrea sich gegen die \u00dcbergriffe der Mutter zur Wehr setzte, endete der Missbrauch. Auch <a href=\"http:\/\/aufrecht.net\/utu\/ \" target=\"_blank\">Axel<\/a>, heute 49 Jahre alt, wurde als Kind von seiner Mutter jahrelang sexuell missbraucht. Als er sich seinem Vater anvertraute, schlug der ihn halbtot \u2013 denn in seinen Augen hatte Axel die Mutter verf\u00fchrt. Damals war Axel acht Jahre alt. Erst als es im Dorf Ger\u00fcchte gab und die Polizei Ermittlungen aufnahm, h\u00f6rte die Mutter auf. Wie Andrea hat auch Axel das Trauma jahrzehntelang verdr\u00e4ngt. Bis die schmerzhafte Erinnerung mit aller Wucht zur\u00fcckkam.<\/p>\n<p>Sexueller Missbrauch von Frauen an Kindern ist immer noch ein absolutes Tabuthema, schlie\u00dflich widerspricht er allen g\u00e4ngigen Klischees. Nach diesen kommen Frauen vor allem als Opfer sexueller Gewalt in Frage, aber kaum als T\u00e4ter. Dabei sch\u00e4tzen Experten, dass f\u00fcnfzehn bis zwanzig Prozent aller F\u00e4lle sexuellen Missbrauchs auf das Konto von Frauen gehen. Meist sind es die M\u00fctter, die sich an ihren Kindern vergehen. Zu Anzeigen oder gar Verurteilungen kommt es trotzdem fast nie. Oft ist die Scham der Opfer zu gro\u00df, aber auch bei Polizei und Justiz ist die Ansicht nach wie vor weit verbreitet, dass Frauen zu solchen Taten gar nicht in der Lage sind. Und: Nicht immer ist auf den ersten Blick zu erkennen, wo liebevolle F\u00fcrsorglichkeit endet und sexueller Missbrauch beginnt.<\/p>\n<p>Der Film \u201a<a href=\"http:\/\/medien.wdr.de\/download\/1360918320\/menschenhautnah\/wdr_fernsehen_menschen_hautnah_20130214.mp4\" target=\"_blank\">Mama h\u00f6r auf damit!<\/a>&#8218;, der am vergangenen Donnerstag in der Reihe \u201a<a href=\"http:\/\/www.wdr.de\/tv\/menschenhautnah\" target=\"_blank\">Menschen hautnah<\/a>\u2018 gezeigt wurde, erz\u00e4hlt die Geschichten von Axel und Andrea: Lange Zeit haben beide diese traumatischen Erlebnisse verdr\u00e4ngt. Erst mit der Geburt eigener Kinder kamen die zerst\u00f6rerischen Erinnerungen mit aller Macht zur\u00fcck und drohten sie zu erdr\u00fccken. Um heute mit ihren Kindern ein normales Leben zu f\u00fchren, m\u00fcssen Axel und Andrea das Erlebte verarbeiten. Ein gro\u00dfes Problem dabei ist, dass sexueller Missbrauch durch Frauen in der \u00d6ffentlichkeit immer noch ein Tabuthema ist. Immer wieder m\u00fcssen Axel und Andrea gegen Abwehr und Unverst\u00e4ndnis k\u00e4mpfen. Doch am Ende schaffen es beide, mit ihrer Geschichte an die \u00d6ffentlichkeit zu gehen: Ein erster Schritt in einem langen, schmerzhaften Heilungsprozess.<\/p>\n<p><a href=\"http:\/\/www.wdr.de\/tv\/menschenhautnah\/sendungsbeitraege\/2013\/0214\/mama.jsp\" target=\"_blank\">Quelle<\/a><\/p>\n","protected":false},"excerpt":{"rendered":"<p>Noch immer muss Andrea weinen, wenn sie daran denkt, wie die eigene Mutter sich an ihr, der damals Vierj\u00e4hrigen, in der Badewanne und im elterlichen Bett verging. Die einsame Mutter benutzte ihre Tochter zur Befriedigung sexueller W\u00fcnsche. Erst in der Pubert\u00e4t, als Andrea sich gegen die \u00dcbergriffe der Mutter zur Wehr setzte, endete der Missbrauch. [&hellip;]<\/p>\n","protected":false},"author":1,"featured_media":0,"comment_status":"open","ping_status":"open","sticky":false,"template":"","format":"standard","meta":[],"categories":[4,19],"tags":[181],"_links":{"self":[{"href":"https:\/\/vaeter-und-karriere.de\/blog\/index.php\/wp-json\/wp\/v2\/posts\/7020"}],"collection":[{"href":"https:\/\/vaeter-und-karriere.de\/blog\/index.php\/wp-json\/wp\/v2\/posts"}],"about":[{"href":"https:\/\/vaeter-und-karriere.de\/blog\/index.php\/wp-json\/wp\/v2\/types\/post"}],"author":[{"embeddable":true,"href":"https:\/\/vaeter-und-karriere.de\/blog\/index.php\/wp-json\/wp\/v2\/users\/1"}],"replies":[{"embeddable":true,"href":"https:\/\/vaeter-und-karriere.de\/blog\/index.php\/wp-json\/wp\/v2\/comments?post=7020"}],"version-history":[{"count":2,"href":"https:\/\/vaeter-und-karriere.de\/blog\/index.php\/wp-json\/wp\/v2\/posts\/7020\/revisions"}],"predecessor-version":[{"id":7022,"href":"https:\/\/vaeter-und-karriere.de\/blog\/index.php\/wp-json\/wp\/v2\/posts\/7020\/revisions\/7022"}],"wp:attachment":[{"href":"https:\/\/vaeter-und-karriere.de\/blog\/index.php\/wp-json\/wp\/v2\/media?parent=7020"}],"wp:term":[{"taxonomy":"category","embeddable":true,"href":"https:\/\/vaeter-und-karriere.de\/blog\/index.php\/wp-json\/wp\/v2\/categories?post=7020"},{"taxonomy":"post_tag","embeddable":true,"href":"https:\/\/vaeter-und-karriere.de\/blog\/index.php\/wp-json\/wp\/v2\/tags?post=7020"}],"curies":[{"name":"wp","href":"https:\/\/api.w.org\/{rel}","templated":true}]}}