{"id":6978,"date":"2013-02-06T11:49:25","date_gmt":"2013-02-06T10:49:25","guid":{"rendered":"http:\/\/vaeter-und-karriere.de\/blog\/?p=6978"},"modified":"2013-02-06T11:49:25","modified_gmt":"2013-02-06T10:49:25","slug":"kinder-haben-das-recht-den-namen-ihres-vaters-zu-erfahren","status":"publish","type":"post","link":"https:\/\/vaeter-und-karriere.de\/blog\/index.php\/2013\/02\/06\/kinder-haben-das-recht-den-namen-ihres-vaters-zu-erfahren\/","title":{"rendered":"Kinder haben das Recht, den Namen ihres Vaters zu erfahren"},"content":{"rendered":"<p><a href=\"http:\/\/www.spenderkinder.de\"><img loading=\"lazy\" class=\"alignright\" src=\"http:\/\/www.spenderkinder.de\/pub\/skins\/andreas01\/logo.jpg\" alt=\"\" width=\"318\" height=\"73\" \/><\/a>Die Tochter eines anonymen Samenspenders hat am <a href=\"http:\/\/www.olg-hamm.nrw.de\/\" target=\"_blank\">Oberlandesgericht Hamm<\/a> das Recht auf die Herausgabe des Namens ihres biologischen Vaters erreicht. Das Gericht verk\u00fcndete am Mittwoch die entsprechende Entscheidung.<\/p>\n<p>Geklagt hatte eine junge Frau, deren Mutter sich anonym befruchten lie\u00df. Seit rund vier Jahren wei\u00df die 22-J\u00e4hrige, dass ihr Vater nicht ihr biologischer Vater ist. Gemeinsam mit dem Verein <a href=\"http:\/\/www.spenderkinder.de\/ \" target=\"_blank\">Spenderkinder<\/a> k\u00e4mpfte <a href=\"http:\/\/www.spenderkinder.de\/Main\/InfoZumProzessVonSarah\" target=\"_blank\">Sarah P<\/a>. auf juristischem Weg f\u00fcr das Recht, den biologischen Vater kennenzulernen und Informationen \u00fcber ihn zu erhalten. Vor dem Landgericht Essen hatte P. in erster Instanz keinen Erfolg.<\/p>\n<p>Der beklagte Mediziner beruft sich auch darauf, dass die Daten zu dem Fall nicht mehr vorliegen. Gesetzlich wurde eine l\u00e4ngere Aufbewahrungsfrist erst vorgeschrieben, nachdem die Kl\u00e4gerin geboren worden war. Zwar hatte der Bundesgerichtshof bereits 1989 entschieden, dass es zu den Pers\u00f6nlichkeitsrechten eines Menschen geh\u00f6rt, seine genetische Herkunft zu kennen. Aber: Diesem Urteil ist bislang keine gesetzliche Regelung zur Dokumentation der Spenderdaten gefolgt.<\/p>\n<p>Sch\u00e4tzungen zufolge leben in Deutschland rund 100.000 Kinder anonymer Samenspender. Rund 10.000 von ihnen sollen im 1981 gegr\u00fcndeten <a href=\"http:\/\/www.ivfzentrum.de\/ \" target=\"_blank\">Essener Zentrum f\u00fcr Reproduktionsmedizin<\/a> gezeugt worden sein.<\/p>\n<p><a href=\"http:\/\/www.spiegel.de\/panorama\/justiz\/name-von-anonymem-samenspender-muss-preisgegeben-werden-a-881745.html \" target=\"_blank\">Quelle<\/a><\/p>\n","protected":false},"excerpt":{"rendered":"<p>Die Tochter eines anonymen Samenspenders hat am Oberlandesgericht Hamm das Recht auf die Herausgabe des Namens ihres biologischen Vaters erreicht. Das Gericht verk\u00fcndete am Mittwoch die entsprechende Entscheidung. Geklagt hatte eine junge Frau, deren Mutter sich anonym befruchten lie\u00df. Seit rund vier Jahren wei\u00df die 22-J\u00e4hrige, dass ihr Vater nicht ihr biologischer Vater ist. Gemeinsam [&hellip;]<\/p>\n","protected":false},"author":1,"featured_media":0,"comment_status":"open","ping_status":"open","sticky":false,"template":"","format":"standard","meta":[],"categories":[27,38],"tags":[],"_links":{"self":[{"href":"https:\/\/vaeter-und-karriere.de\/blog\/index.php\/wp-json\/wp\/v2\/posts\/6978"}],"collection":[{"href":"https:\/\/vaeter-und-karriere.de\/blog\/index.php\/wp-json\/wp\/v2\/posts"}],"about":[{"href":"https:\/\/vaeter-und-karriere.de\/blog\/index.php\/wp-json\/wp\/v2\/types\/post"}],"author":[{"embeddable":true,"href":"https:\/\/vaeter-und-karriere.de\/blog\/index.php\/wp-json\/wp\/v2\/users\/1"}],"replies":[{"embeddable":true,"href":"https:\/\/vaeter-und-karriere.de\/blog\/index.php\/wp-json\/wp\/v2\/comments?post=6978"}],"version-history":[{"count":1,"href":"https:\/\/vaeter-und-karriere.de\/blog\/index.php\/wp-json\/wp\/v2\/posts\/6978\/revisions"}],"predecessor-version":[{"id":6979,"href":"https:\/\/vaeter-und-karriere.de\/blog\/index.php\/wp-json\/wp\/v2\/posts\/6978\/revisions\/6979"}],"wp:attachment":[{"href":"https:\/\/vaeter-und-karriere.de\/blog\/index.php\/wp-json\/wp\/v2\/media?parent=6978"}],"wp:term":[{"taxonomy":"category","embeddable":true,"href":"https:\/\/vaeter-und-karriere.de\/blog\/index.php\/wp-json\/wp\/v2\/categories?post=6978"},{"taxonomy":"post_tag","embeddable":true,"href":"https:\/\/vaeter-und-karriere.de\/blog\/index.php\/wp-json\/wp\/v2\/tags?post=6978"}],"curies":[{"name":"wp","href":"https:\/\/api.w.org\/{rel}","templated":true}]}}