{"id":6738,"date":"2012-11-24T19:22:40","date_gmt":"2012-11-24T18:22:40","guid":{"rendered":"http:\/\/vaeter-und-karriere.de\/blog\/?p=6738"},"modified":"2012-11-26T19:40:35","modified_gmt":"2012-11-26T18:40:35","slug":"vater-und-kinder-backen","status":"publish","type":"post","link":"https:\/\/vaeter-und-karriere.de\/blog\/index.php\/2012\/11\/24\/vater-und-kinder-backen\/","title":{"rendered":"V\u00e4ter und Kinder backen"},"content":{"rendered":"<p>Eine tolle Aktion, heute haben 14 V\u00e4ter mit ihren Kindern zusammen gebacken und in der Ruhezeit des Teiges miteinander gespielt. Ein toller Auftakt der Kooperation des Vereins &#8218;V\u00e4ter in K\u00f6ln e.V. mit dem Familienzentrum im Qu\u00e4ker Nachbarschaftsheims.<\/p>\n<p><a href=\"http:\/\/vaeter-und-karriere.de\/blog\/wp-content\/uploads\/2012\/11\/20121124_115806.jpg\"><img loading=\"lazy\" class=\"alignnone size-large wp-image-6739\" title=\"20121124_115806\" src=\"http:\/\/vaeter-und-karriere.de\/blog\/wp-content\/uploads\/2012\/11\/20121124_115806-1024x768.jpg\" alt=\"20121124_115806\" width=\"819\" height=\"614\" srcset=\"https:\/\/vaeter-und-karriere.de\/blog\/wp-content\/uploads\/2012\/11\/20121124_115806-1024x768.jpg 1024w, https:\/\/vaeter-und-karriere.de\/blog\/wp-content\/uploads\/2012\/11\/20121124_115806-300x225.jpg 300w\" sizes=\"(max-width: 819px) 100vw, 819px\" \/><\/a><\/p>\n<p><a href=\"http:\/\/vaeter-und-karriere.de\/blog\/wp-content\/uploads\/2012\/11\/20121124_124308.jpg\"><img loading=\"lazy\" class=\"alignnone size-large wp-image-6740\" title=\"20121124_124308\" src=\"http:\/\/vaeter-und-karriere.de\/blog\/wp-content\/uploads\/2012\/11\/20121124_124308-1024x768.jpg\" alt=\"20121124_124308\" width=\"819\" height=\"614\" srcset=\"https:\/\/vaeter-und-karriere.de\/blog\/wp-content\/uploads\/2012\/11\/20121124_124308-1024x768.jpg 1024w, https:\/\/vaeter-und-karriere.de\/blog\/wp-content\/uploads\/2012\/11\/20121124_124308-300x225.jpg 300w\" sizes=\"(max-width: 819px) 100vw, 819px\" \/><\/a><\/p>\n","protected":false},"excerpt":{"rendered":"<p>Eine tolle Aktion, heute haben 14 V\u00e4ter mit ihren Kindern zusammen gebacken und in der Ruhezeit des Teiges miteinander gespielt. Ein toller Auftakt der Kooperation des Vereins &#8218;V\u00e4ter in K\u00f6ln e.V. mit dem Familienzentrum im Qu\u00e4ker Nachbarschaftsheims.<\/p>\n","protected":false},"author":1,"featured_media":0,"comment_status":"open","ping_status":"open","sticky":false,"template":"","format":"standard","meta":[],"categories":[43,24],"tags":[238,197],"_links":{"self":[{"href":"https:\/\/vaeter-und-karriere.de\/blog\/index.php\/wp-json\/wp\/v2\/posts\/6738"}],"collection":[{"href":"https:\/\/vaeter-und-karriere.de\/blog\/index.php\/wp-json\/wp\/v2\/posts"}],"about":[{"href":"https:\/\/vaeter-und-karriere.de\/blog\/index.php\/wp-json\/wp\/v2\/types\/post"}],"author":[{"embeddable":true,"href":"https:\/\/vaeter-und-karriere.de\/blog\/index.php\/wp-json\/wp\/v2\/users\/1"}],"replies":[{"embeddable":true,"href":"https:\/\/vaeter-und-karriere.de\/blog\/index.php\/wp-json\/wp\/v2\/comments?post=6738"}],"version-history":[{"count":2,"href":"https:\/\/vaeter-und-karriere.de\/blog\/index.php\/wp-json\/wp\/v2\/posts\/6738\/revisions"}],"predecessor-version":[{"id":6742,"href":"https:\/\/vaeter-und-karriere.de\/blog\/index.php\/wp-json\/wp\/v2\/posts\/6738\/revisions\/6742"}],"wp:attachment":[{"href":"https:\/\/vaeter-und-karriere.de\/blog\/index.php\/wp-json\/wp\/v2\/media?parent=6738"}],"wp:term":[{"taxonomy":"category","embeddable":true,"href":"https:\/\/vaeter-und-karriere.de\/blog\/index.php\/wp-json\/wp\/v2\/categories?post=6738"},{"taxonomy":"post_tag","embeddable":true,"href":"https:\/\/vaeter-und-karriere.de\/blog\/index.php\/wp-json\/wp\/v2\/tags?post=6738"}],"curies":[{"name":"wp","href":"https:\/\/api.w.org\/{rel}","templated":true}]}}