{"id":670,"date":"2008-02-19T10:23:21","date_gmt":"2008-02-19T09:23:21","guid":{"rendered":"http:\/\/vaeter-und-karriere.de\/blog\/index.php\/2008\/02\/19\/ja-wir-brauchen-einen-neuen-geschlechtervertrag\/"},"modified":"2008-02-19T10:23:21","modified_gmt":"2008-02-19T09:23:21","slug":"ja-wir-brauchen-einen-neuen-geschlechtervertrag","status":"publish","type":"post","link":"https:\/\/vaeter-und-karriere.de\/blog\/index.php\/2008\/02\/19\/ja-wir-brauchen-einen-neuen-geschlechtervertrag\/","title":{"rendered":"Ja, wir brauchen einen neuen Geschlechtervertrag"},"content":{"rendered":"<p style=\"margin-top: 6pt\" class=\"MsoNormal\"><span style=\"font-size: 10pt; font-family: Verdana\">&#8230; und neue Rollenmuster und eine neue Aufteilung der Familien-, Haus-, F\u00fcrsorge- und Erwerbsarbeit. Da rennen Sibylle Hamann und Eva Linsinger mit ihrem <a target=\"_blank\" href=\"http:\/\/www.amazon.de\/Wei%C3%9Fbuch-Schwarzbuch-M%C3%A4nner-Geschlechtervertrag-brauchen\/dp\/3552060731\/ref=sr_1_1?ie=UTF8&#038;s=books&#038;qid=1203411683&#038;sr=8-1\">Wei\u00dfbuch Frauen &#8211; Schwarzbuch M\u00e4nner<\/a> offene Scheunentore ein.<\/span><\/p>\n<p style=\"margin-top: 6pt\" class=\"MsoNormal\"><span style=\"font-size: 10pt; font-family: Verdana\">Aber beim Titel des Buches str\u00e4uben sich bei mir die Nackenhaare. Schwarz &#8211; wei\u00df, gut &#8211; b\u00f6se, die Hausaufgaben gemacht oder nicht, verloren &#8211; gewonnen. Mit diesen Klischees, die vielfach auch mit Vorw\u00fcrfen verbunden werden, kommt der neue Vertrag nicht zustande.<\/span><\/p>\n<p style=\"margin-top: 6pt\" class=\"MsoNormal\"><span style=\"font-size: 10pt; font-family: Verdana\">Meines Erachtens ist es zielf\u00fchrender, auf der Ebene der vertragsschlie\u00dfenden Partner, Mann und Frau in einer Partnerschaft Vereinbarungen dar\u00fcber zu treffen, wie das Leben mit Kindern aussehen kann und wer welche Aufgaben \u00fcbernimmt. Am besten zu einem Zeitpunkt, wo beide auf gleicher Augenh\u00f6he, im Beruf stehend und finanziell unabh\u00e4ngig, (ver-) handeln k\u00f6nnen.<\/span><\/p>\n<p style=\"margin-top: 6pt\" class=\"MsoNormal\"><span style=\"font-size: 10pt; font-family: Verdana\">Aufgabenteilung ganz praktisch, und vor allem mit dem Zutrauen, dass Mann auch den Haushalt regeln und die Kinder f\u00fcrsorglich versorgen kann. Abgeben k\u00f6nnen statt &#8218;Gate keeping&#8216;, diese Haltung ist zu entwickeln, denn Praktikant im Haushalt sein, der hinter her vorgef\u00fchrt wird, dass m\u00f6chte Mann nicht sein.<\/span><\/p>\n<p style=\"margin-top: 6pt\" class=\"MsoNormal\"><span style=\"font-size: 10pt; font-family: Verdana\">&#8218;Geschlechtliche Vielfalt tut gut &#8211; in Aufsichtsr\u00e4ten genauso wie in Kinderg\u00e4rten. Sie bringt Schwung in festgefahrene Routinen, sie erschlie\u00dft mehr Informationen und Erfahrungen &#8211; und f\u00fchrt deswegen zu tragf\u00e4higeren Entscheidungen.&#8216;<\/span><\/p>\n<p style=\"margin-top: 6pt\" class=\"MsoNormal\"><span style=\"font-size: 10pt; font-family: Verdana\">Diese Aussage trifft in jedem Fall zu, aber auch das ist wichtig: &#8218;M\u00e4nner endlich ernst zu nehmen, als K\u00fcmmerer, N\u00e4hrer und Erzieher, macht die Gleichberechtigung erst komplett.&#8216; <\/span><\/p>\n","protected":false},"excerpt":{"rendered":"<p>&#8230; und neue Rollenmuster und eine neue Aufteilung der Familien-, Haus-, F\u00fcrsorge- und Erwerbsarbeit. Da rennen Sibylle Hamann und Eva Linsinger mit ihrem Wei\u00dfbuch Frauen &#8211; Schwarzbuch M\u00e4nner offene Scheunentore ein. Aber beim Titel des Buches str\u00e4uben sich bei mir die Nackenhaare. Schwarz &#8211; wei\u00df, gut &#8211; b\u00f6se, die Hausaufgaben gemacht oder nicht, verloren &#8211; [&hellip;]<\/p>\n","protected":false},"author":1,"featured_media":0,"comment_status":"open","ping_status":"open","sticky":false,"template":"","format":"standard","meta":[],"categories":[39,37,33],"tags":[],"_links":{"self":[{"href":"https:\/\/vaeter-und-karriere.de\/blog\/index.php\/wp-json\/wp\/v2\/posts\/670"}],"collection":[{"href":"https:\/\/vaeter-und-karriere.de\/blog\/index.php\/wp-json\/wp\/v2\/posts"}],"about":[{"href":"https:\/\/vaeter-und-karriere.de\/blog\/index.php\/wp-json\/wp\/v2\/types\/post"}],"author":[{"embeddable":true,"href":"https:\/\/vaeter-und-karriere.de\/blog\/index.php\/wp-json\/wp\/v2\/users\/1"}],"replies":[{"embeddable":true,"href":"https:\/\/vaeter-und-karriere.de\/blog\/index.php\/wp-json\/wp\/v2\/comments?post=670"}],"version-history":[{"count":0,"href":"https:\/\/vaeter-und-karriere.de\/blog\/index.php\/wp-json\/wp\/v2\/posts\/670\/revisions"}],"wp:attachment":[{"href":"https:\/\/vaeter-und-karriere.de\/blog\/index.php\/wp-json\/wp\/v2\/media?parent=670"}],"wp:term":[{"taxonomy":"category","embeddable":true,"href":"https:\/\/vaeter-und-karriere.de\/blog\/index.php\/wp-json\/wp\/v2\/categories?post=670"},{"taxonomy":"post_tag","embeddable":true,"href":"https:\/\/vaeter-und-karriere.de\/blog\/index.php\/wp-json\/wp\/v2\/tags?post=670"}],"curies":[{"name":"wp","href":"https:\/\/api.w.org\/{rel}","templated":true}]}}