{"id":6629,"date":"2012-10-17T13:05:07","date_gmt":"2012-10-17T12:05:07","guid":{"rendered":"http:\/\/vaeter-und-karriere.de\/blog\/?p=6629"},"modified":"2013-08-05T13:59:52","modified_gmt":"2013-08-05T13:59:52","slug":"krieg-vater-sohne","status":"publish","type":"post","link":"https:\/\/vaeter-und-karriere.de\/blog\/index.php\/2012\/10\/17\/krieg-vater-sohne\/","title":{"rendered":"Krieg &#8211; V\u00e4ter &#038; S\u00f6hne"},"content":{"rendered":"<p>Der Fotok\u00fcnstler <a href=\"http:\/\/www.freelens.com\/markus-georg-reintgen\" target=\"_blank\">Markus Georg Reintgen<\/a> arbeitet im Spannungsfeld Kunst und Bildjournalismus. Er beleuchtet und analysiert historische und aktuelle kriegerische Auseinandersetzungen. Als \u201cEiner, der nichts mehr zu verlieren hat\u201c fokussiert er den Wahnsinn, hinterfragt das Wegsehen sowie das kritiklose Konsumieren. Immer wieder lenkt er den Blick, zwingt, irritiert und provoziert ihn. Die Arbeiten gewinnen durch ihre Vielschichtigkeit einen unausweichlichen Sog und fordern eine vertiefende Betrachtung. Ungewohnte Motive und andere Perspektiven brechen immer wieder mit Sehgewohnheiten und konfrontieren uns \u2013 letztendlich mit uns selbst und unserer eigenen Haltung zu Krieg, Gewalt und Wegsehen.<\/p>\n<p>In seinen Arbeiten hinterfragt Markus Georg Reintgen sehr subtil den Krieg \u2013 fernab der bekannten Kriegsschaupl\u00e4tze und sucht nach den Motiven der Verf\u00fchrung, der Faszination. Dar\u00fcber legt er eine d\u00fcstere Vorahnung der Fragw\u00fcrdigkeit, der Schuld, des Elends.<\/p>\n<p>Wer sind die Ursachen und Verursacher des letzten Mittels der Konfliktl\u00f6sung, des Krieges? Reintgen zeigt M\u00e4nner in ihrer Doppelrolle als V\u00e4ter und Soldaten, Besch\u00fctzer und Verf\u00fchrer, die in den S\u00f6hnen die Sehnsucht nach gro\u00dfen Gef\u00fchlen wie Tapferkeit, St\u00e4rke, Kameradschaft, Ehre und Vaterland entfachen und ihnen letztendlich den Weg in den Krieg, in den Tod weisen. In die Geste des coolen Helden, von der gesichtslosen Masse bewundert, mischt sich blutiger Ernst &#8211; fast wie eine Vorahnung, die nur der K\u00fcnstler wahrzunehmen scheint. Er holt das Blutvergie\u00dfen zur\u00fcck in das Bewusstsein.<\/p>\n<p>Eine Auswahl seiner Bilder ist bis zum 6. Januar 2013 im <a href=\"http:\/\/www.antikriegsmuseum.de \" target=\"_blank\">Anti-Kriegs-Museum<\/a>, Peace Gallery in Berlin zu sehen.<\/p>\n<p><a href=\"http:\/\/www.insiderart.de\/index.php?id=886 \" target=\"_blank\">Quelle<\/a><\/p>\n","protected":false},"excerpt":{"rendered":"<p>Der Fotok\u00fcnstler Markus Georg Reintgen arbeitet im Spannungsfeld Kunst und Bildjournalismus. Er beleuchtet und analysiert historische und aktuelle kriegerische Auseinandersetzungen. Als \u201cEiner, der nichts mehr zu verlieren hat\u201c fokussiert er den Wahnsinn, hinterfragt das Wegsehen sowie das kritiklose Konsumieren. Immer wieder lenkt er den Blick, zwingt, irritiert und provoziert ihn. Die Arbeiten gewinnen durch ihre [&hellip;]<\/p>\n","protected":false},"author":1,"featured_media":0,"comment_status":"open","ping_status":"open","sticky":false,"template":"","format":"standard","meta":[],"categories":[128,56,24],"tags":[216],"_links":{"self":[{"href":"https:\/\/vaeter-und-karriere.de\/blog\/index.php\/wp-json\/wp\/v2\/posts\/6629"}],"collection":[{"href":"https:\/\/vaeter-und-karriere.de\/blog\/index.php\/wp-json\/wp\/v2\/posts"}],"about":[{"href":"https:\/\/vaeter-und-karriere.de\/blog\/index.php\/wp-json\/wp\/v2\/types\/post"}],"author":[{"embeddable":true,"href":"https:\/\/vaeter-und-karriere.de\/blog\/index.php\/wp-json\/wp\/v2\/users\/1"}],"replies":[{"embeddable":true,"href":"https:\/\/vaeter-und-karriere.de\/blog\/index.php\/wp-json\/wp\/v2\/comments?post=6629"}],"version-history":[{"count":2,"href":"https:\/\/vaeter-und-karriere.de\/blog\/index.php\/wp-json\/wp\/v2\/posts\/6629\/revisions"}],"predecessor-version":[{"id":7512,"href":"https:\/\/vaeter-und-karriere.de\/blog\/index.php\/wp-json\/wp\/v2\/posts\/6629\/revisions\/7512"}],"wp:attachment":[{"href":"https:\/\/vaeter-und-karriere.de\/blog\/index.php\/wp-json\/wp\/v2\/media?parent=6629"}],"wp:term":[{"taxonomy":"category","embeddable":true,"href":"https:\/\/vaeter-und-karriere.de\/blog\/index.php\/wp-json\/wp\/v2\/categories?post=6629"},{"taxonomy":"post_tag","embeddable":true,"href":"https:\/\/vaeter-und-karriere.de\/blog\/index.php\/wp-json\/wp\/v2\/tags?post=6629"}],"curies":[{"name":"wp","href":"https:\/\/api.w.org\/{rel}","templated":true}]}}