{"id":6567,"date":"2012-09-28T13:57:30","date_gmt":"2012-09-28T12:57:30","guid":{"rendered":"http:\/\/vaeter-und-karriere.de\/blog\/?p=6567"},"modified":"2013-08-05T14:02:36","modified_gmt":"2013-08-05T14:02:36","slug":"offener-vater-treff-in-dusseldorf","status":"publish","type":"post","link":"https:\/\/vaeter-und-karriere.de\/blog\/index.php\/2012\/09\/28\/offener-vater-treff-in-dusseldorf\/","title":{"rendered":"Offener V\u00e4ter Treff in D\u00fcsseldorf"},"content":{"rendered":"<p>Immer mehr V\u00e4ter entscheiden sich, im Berufsleben eine Pause einzulegen, um die ersten Schritte in der Entwicklung ihres Kindes zu begleiten. Daher gibt es bereits seit f\u00fcnf Jahren ein Angebot der Evangelischen Familienbildungsst\u00e4tte (<a href=\"http:\/\/www.efa-duesseldorf.de\/kursdetails.php?urlparameter=knr:J15910 \" target=\"_blank\">efa<\/a>), das sich an diese M\u00e4nner richtet. &#8222;Hier stehen die V\u00e4ter im Vordergrund. Wir haben unsere eigenen Themen und unsere Kinder haben ihr gewohntes spielerisches Umfeld&#8220;, sagt Carsten Klutzeweit. &#8222;Die V\u00e4ter verstehen sich untereinander ausgezeichnet, weil sie alle in einem Boot sitzen.&#8220;<\/p>\n<p>Einmal in der Woche kommt der Vater mit seiner einj\u00e4hrigen Tochter Ina zu einer lockeren Gespr\u00e4chsrunde, in der sich die V\u00e4ter untereinander \u00fcber die Widrigkeiten des Alltags austauschen k\u00f6nnen. &#8222;Man kann hier andere V\u00e4ter kennenlernen, die durch ihre Elternzeit dieselben Erfahrungen und Probleme haben, von F\u00f6rdermitteln bis hin zur richtigen Betreuung.&#8220;<\/p>\n<p>Thomas Schuba, Vater der einj\u00e4hrigen Laura, leitet den D\u00fcsseldorfer V\u00e4tertreff: &#8222;Man kann bestimmte Probleme nicht alleine l\u00f6sen. Daf\u00fcr muss man sich mit seinesgleichen austauschen. M\u00e4nner haben oft ganz andere Themen im Alltag als Frauen.&#8220;<\/p>\n<p>In einem bunten Spielzimmer, das extra f\u00fcr Kinder im Alter von ein bis zwei Jahren hergerichtet wurde, k\u00f6nnen die Kleinen toben und ihre Umgebung erkunden, w\u00e4hrend ihre V\u00e4ter angeregt diskutieren. Wie gestalte ich denn den Familienalltag? Wie kann ich mein Kind richtig f\u00f6rdern? Was sind die typischen Probleme frischgebackener V\u00e4ter? Das sind Fragen, \u00fcber die schon mal gesprochen wird. Die Gruppe organisiert sich eigenst\u00e4ndig, immer kommen neue Mitglieder hinzu.<\/p>\n<p>Der V\u00e4tertreff findet montags von 10:00 bis 11.30 Uhr in der Hohenzollernstra\u00dfe 24 bei der Evangelischen Familienbildung statt.<\/p>\n<p><a href=\"http:\/\/www.rp-online.de\/region-duesseldorf\/duesseldorf\/nachrichten\/treff-fuer-vaeter-in-elternzeit-1.3011157 \" target=\"_blank\">Quelle<\/a><\/p>\n","protected":false},"excerpt":{"rendered":"<p>Immer mehr V\u00e4ter entscheiden sich, im Berufsleben eine Pause einzulegen, um die ersten Schritte in der Entwicklung ihres Kindes zu begleiten. Daher gibt es bereits seit f\u00fcnf Jahren ein Angebot der Evangelischen Familienbildungsst\u00e4tte (efa), das sich an diese M\u00e4nner richtet. &#8222;Hier stehen die V\u00e4ter im Vordergrund. Wir haben unsere eigenen Themen und unsere Kinder haben [&hellip;]<\/p>\n","protected":false},"author":1,"featured_media":0,"comment_status":"open","ping_status":"open","sticky":false,"template":"","format":"standard","meta":[],"categories":[43,2],"tags":[],"_links":{"self":[{"href":"https:\/\/vaeter-und-karriere.de\/blog\/index.php\/wp-json\/wp\/v2\/posts\/6567"}],"collection":[{"href":"https:\/\/vaeter-und-karriere.de\/blog\/index.php\/wp-json\/wp\/v2\/posts"}],"about":[{"href":"https:\/\/vaeter-und-karriere.de\/blog\/index.php\/wp-json\/wp\/v2\/types\/post"}],"author":[{"embeddable":true,"href":"https:\/\/vaeter-und-karriere.de\/blog\/index.php\/wp-json\/wp\/v2\/users\/1"}],"replies":[{"embeddable":true,"href":"https:\/\/vaeter-und-karriere.de\/blog\/index.php\/wp-json\/wp\/v2\/comments?post=6567"}],"version-history":[{"count":5,"href":"https:\/\/vaeter-und-karriere.de\/blog\/index.php\/wp-json\/wp\/v2\/posts\/6567\/revisions"}],"predecessor-version":[{"id":7517,"href":"https:\/\/vaeter-und-karriere.de\/blog\/index.php\/wp-json\/wp\/v2\/posts\/6567\/revisions\/7517"}],"wp:attachment":[{"href":"https:\/\/vaeter-und-karriere.de\/blog\/index.php\/wp-json\/wp\/v2\/media?parent=6567"}],"wp:term":[{"taxonomy":"category","embeddable":true,"href":"https:\/\/vaeter-und-karriere.de\/blog\/index.php\/wp-json\/wp\/v2\/categories?post=6567"},{"taxonomy":"post_tag","embeddable":true,"href":"https:\/\/vaeter-und-karriere.de\/blog\/index.php\/wp-json\/wp\/v2\/tags?post=6567"}],"curies":[{"name":"wp","href":"https:\/\/api.w.org\/{rel}","templated":true}]}}