{"id":6558,"date":"2012-09-26T20:53:09","date_gmt":"2012-09-26T19:53:09","guid":{"rendered":"http:\/\/vaeter-und-karriere.de\/blog\/?p=6558"},"modified":"2012-09-26T20:56:06","modified_gmt":"2012-09-26T19:56:06","slug":"kindeswohl-hat-vorrang-vor-wohnortwahl","status":"publish","type":"post","link":"https:\/\/vaeter-und-karriere.de\/blog\/index.php\/2012\/09\/26\/kindeswohl-hat-vorrang-vor-wohnortwahl\/","title":{"rendered":"Kindeswohl hat Vorrang vor Wohnortwahl"},"content":{"rendered":"<p>Nach langen Diskussionen und der Bef\u00fcrchtung, das Vorhaben k\u00f6nnte auf der Zielgeraden noch scheitern, ist die Schweiz in Sachen gemeinsames Sorgerecht geschiedener und unverheirateter V\u00e4ter und M\u00fctter einen entscheidenden Schritt weiter gekommen<\/p>\n<p>Der <a href=\"http:\/\/de.wikipedia.org\/wiki\/Nationalrat_%28Schweiz%29\" target=\"_blank\">Nationalrat<\/a> hat am Dienstagmittag als Erstrat \u00fcber die Vorlage zur Neuregelung der elterlichen Sorge diskutiert. Das Ziel der vorgeschlagenen Revision des Zivilgesetzbuches ist es, die gemeinsame elterliche Sorge zum Regelfall zu machen, wie es heute bereits f\u00fcr verheiratete Eltern der Fall ist. Dies soll nun auch f\u00fcr unverheiratete und geschiedene Eltern die Regel sein. Damit werde einerseits dem Gebot der Gleichstellung von Mann und Frau nachgelebt, es werde aber auch die Gleichstellung von verheirateten, geschiedenen und unverheirateten Eltern gew\u00e4hrleistet, erkl\u00e4rte Berichterstatter Alec von Graffenried im Rat.<\/p>\n<p>Die Grundz\u00fcge der Gesetzes\u00e4nderung waren unbestritten. Ein heikler Punkt betraf jedoch die Frage des Wohnorts. Auf Vorschlag des Bundesrats soll ein Elternteil nur noch mit Einwilligung des anderen umziehen k\u00f6nnen, wenn der Wohnorts-Wechsel \u201eerhebliche Auswirkungen auf die Aus\u00fcbung der elterlichen Sorge durch den andern Elternteil hat\u201c.<\/p>\n<p>Ohne Zustimmung des Ex-Partners oder der Ex-Partnerin ist ein Umzug in einen anderen Kanton k\u00fcnftig kaum mehr m\u00f6glich. Damit werden getrennt lebende Eltern in ihrer Niederlassungs- und Lebensgestaltungs-Freiheit eingeschr\u00e4nkt. Ein Stellenangebot m\u00fcsste unter Umst\u00e4nden dem Anspruch des andern Elternteils auf die N\u00e4he zum Kind untergeordnet werden.<\/p>\n<p><a href=\"http:\/\/www.nzz.ch\/aktuell\/schweiz\/nationalrat-diskutiert-ueber-umzugsverbot-1.17639968 \" target=\"_blank\">Quelle<\/a><\/p>\n","protected":false},"excerpt":{"rendered":"<p>Nach langen Diskussionen und der Bef\u00fcrchtung, das Vorhaben k\u00f6nnte auf der Zielgeraden noch scheitern, ist die Schweiz in Sachen gemeinsames Sorgerecht geschiedener und unverheirateter V\u00e4ter und M\u00fctter einen entscheidenden Schritt weiter gekommen Der Nationalrat hat am Dienstagmittag als Erstrat \u00fcber die Vorlage zur Neuregelung der elterlichen Sorge diskutiert. Das Ziel der vorgeschlagenen Revision des Zivilgesetzbuches [&hellip;]<\/p>\n","protected":false},"author":1,"featured_media":0,"comment_status":"open","ping_status":"open","sticky":false,"template":"","format":"standard","meta":[],"categories":[6,182,38],"tags":[152,91],"_links":{"self":[{"href":"https:\/\/vaeter-und-karriere.de\/blog\/index.php\/wp-json\/wp\/v2\/posts\/6558"}],"collection":[{"href":"https:\/\/vaeter-und-karriere.de\/blog\/index.php\/wp-json\/wp\/v2\/posts"}],"about":[{"href":"https:\/\/vaeter-und-karriere.de\/blog\/index.php\/wp-json\/wp\/v2\/types\/post"}],"author":[{"embeddable":true,"href":"https:\/\/vaeter-und-karriere.de\/blog\/index.php\/wp-json\/wp\/v2\/users\/1"}],"replies":[{"embeddable":true,"href":"https:\/\/vaeter-und-karriere.de\/blog\/index.php\/wp-json\/wp\/v2\/comments?post=6558"}],"version-history":[{"count":5,"href":"https:\/\/vaeter-und-karriere.de\/blog\/index.php\/wp-json\/wp\/v2\/posts\/6558\/revisions"}],"predecessor-version":[{"id":6563,"href":"https:\/\/vaeter-und-karriere.de\/blog\/index.php\/wp-json\/wp\/v2\/posts\/6558\/revisions\/6563"}],"wp:attachment":[{"href":"https:\/\/vaeter-und-karriere.de\/blog\/index.php\/wp-json\/wp\/v2\/media?parent=6558"}],"wp:term":[{"taxonomy":"category","embeddable":true,"href":"https:\/\/vaeter-und-karriere.de\/blog\/index.php\/wp-json\/wp\/v2\/categories?post=6558"},{"taxonomy":"post_tag","embeddable":true,"href":"https:\/\/vaeter-und-karriere.de\/blog\/index.php\/wp-json\/wp\/v2\/tags?post=6558"}],"curies":[{"name":"wp","href":"https:\/\/api.w.org\/{rel}","templated":true}]}}