{"id":6520,"date":"2012-09-14T14:48:09","date_gmt":"2012-09-14T13:48:09","guid":{"rendered":"http:\/\/vaeter-und-karriere.de\/blog\/?p=6520"},"modified":"2013-08-05T14:04:33","modified_gmt":"2013-08-05T14:04:33","slug":"die-neuen-vater-sind-ganz-die-alten-nur-anders","status":"publish","type":"post","link":"https:\/\/vaeter-und-karriere.de\/blog\/index.php\/2012\/09\/14\/die-neuen-vater-sind-ganz-die-alten-nur-anders\/","title":{"rendered":"Die neuen V\u00e4ter sind ganz die alten, nur anders"},"content":{"rendered":"<p>&#8230;\u00a0 dieser Slogan ist Teil einer neuen Kampagne des Landes Ober\u00f6sterreich. Das Ziel: Mehr V\u00e4ter sollen in der Kindererziehung eine aktive Rolle spielen. Statistiken zeigen da n\u00e4mlich einen Aufholbedarf: Erst jeder f\u00fcnfzehnte Vater geht in Karenz. Dabei kann sich eine Auszeit f\u00fcr&#8217;s Baby durchaus lohnen: denn aktive V\u00e4ter leben l\u00e4nger und die Partnerschaften sind stabiler.<\/p>\n<p><a href=\"http:\/\/www.liferadio.at\/news\/news-details\/article\/aktive-vaeter-35443931\/ \" target=\"_blank\">Quelle<\/a><\/p>\n","protected":false},"excerpt":{"rendered":"<p>&#8230;\u00a0 dieser Slogan ist Teil einer neuen Kampagne des Landes Ober\u00f6sterreich. Das Ziel: Mehr V\u00e4ter sollen in der Kindererziehung eine aktive Rolle spielen. Statistiken zeigen da n\u00e4mlich einen Aufholbedarf: Erst jeder f\u00fcnfzehnte Vater geht in Karenz. Dabei kann sich eine Auszeit f\u00fcr&#8217;s Baby durchaus lohnen: denn aktive V\u00e4ter leben l\u00e4nger und die Partnerschaften sind stabiler. [&hellip;]<\/p>\n","protected":false},"author":1,"featured_media":0,"comment_status":"open","ping_status":"open","sticky":false,"template":"","format":"standard","meta":[],"categories":[43,2,6],"tags":[91],"_links":{"self":[{"href":"https:\/\/vaeter-und-karriere.de\/blog\/index.php\/wp-json\/wp\/v2\/posts\/6520"}],"collection":[{"href":"https:\/\/vaeter-und-karriere.de\/blog\/index.php\/wp-json\/wp\/v2\/posts"}],"about":[{"href":"https:\/\/vaeter-und-karriere.de\/blog\/index.php\/wp-json\/wp\/v2\/types\/post"}],"author":[{"embeddable":true,"href":"https:\/\/vaeter-und-karriere.de\/blog\/index.php\/wp-json\/wp\/v2\/users\/1"}],"replies":[{"embeddable":true,"href":"https:\/\/vaeter-und-karriere.de\/blog\/index.php\/wp-json\/wp\/v2\/comments?post=6520"}],"version-history":[{"count":3,"href":"https:\/\/vaeter-und-karriere.de\/blog\/index.php\/wp-json\/wp\/v2\/posts\/6520\/revisions"}],"predecessor-version":[{"id":7520,"href":"https:\/\/vaeter-und-karriere.de\/blog\/index.php\/wp-json\/wp\/v2\/posts\/6520\/revisions\/7520"}],"wp:attachment":[{"href":"https:\/\/vaeter-und-karriere.de\/blog\/index.php\/wp-json\/wp\/v2\/media?parent=6520"}],"wp:term":[{"taxonomy":"category","embeddable":true,"href":"https:\/\/vaeter-und-karriere.de\/blog\/index.php\/wp-json\/wp\/v2\/categories?post=6520"},{"taxonomy":"post_tag","embeddable":true,"href":"https:\/\/vaeter-und-karriere.de\/blog\/index.php\/wp-json\/wp\/v2\/tags?post=6520"}],"curies":[{"name":"wp","href":"https:\/\/api.w.org\/{rel}","templated":true}]}}