{"id":6512,"date":"2012-09-15T00:38:42","date_gmt":"2012-09-14T23:38:42","guid":{"rendered":"http:\/\/vaeter-und-karriere.de\/blog\/?p=6512"},"modified":"2012-09-12T19:50:58","modified_gmt":"2012-09-12T18:50:58","slug":"vaterbeteiligung-in-interkulturellen-siedlungen","status":"publish","type":"post","link":"https:\/\/vaeter-und-karriere.de\/blog\/index.php\/2012\/09\/15\/vaterbeteiligung-in-interkulturellen-siedlungen\/","title":{"rendered":"V\u00e4terbeteiligung in interkulturellen Siedlungen"},"content":{"rendered":"<p><a href=\"http:\/\/www.socialnet.de\/l.php?isbn=978-3-03-777108-2&amp;von=Rezensionen \"><img loading=\"lazy\" class=\"alignright\" src=\"http:\/\/www.socialnet.de\/rezensionen\/cover\/13387.jpg\" alt=\"\" width=\"160\" height=\"233\" \/><\/a>In \u201e<a href=\"http:\/\/www.socialnet.de\/l.php?isbn=978-3-03-777108-2&amp;von=Rezensionen \" target=\"_blank\">Partizipation in interkulturellen Siedlungen<\/a>\u201c beschreibt Katharina Barandun, wie durch aufsuchende Sozialarbeit erreicht werden konnte, dass Bewohnerinnen und Bewohner einer st\u00e4dtischen Siedlung in Z\u00fcrich bestehende Probleme selber in die Hand nehmen und l\u00f6sen konnten. Dabei wurde ein Schwerpunkt auf die Partizipation der M\u00e4nner und V\u00e4ter in der Siedlung gelegt.<\/p>\n<p>Ausgangspunkt des Projekts \u201e<a href=\"www.gesunde-maenner.ch\/data\/data_229.pdf \" target=\"_blank\">Fit in die Zukunft<\/a>\u201c war die desolate Situation in der Siedlung Luchswiesen. Der Pavillon beim Spielplatz mitten in der Siedlung wurde nachts von Jugendlichen in Beschlag genommen. Sie waren laut, die Bewohnerinnen und Bewohner wagten sich nachts nicht aus dem Haus. Nach Berichten der Siedlungsbewohner\/innen lagen am Morgen regelm\u00e4\u00dfig Flaschen und Essensabf\u00e4lle herum. Die Polizei wurde fast n\u00e4chtlich gerufen, schlie\u00dflich wurde ein privater Sicherheitsdienst angestellt. Dieser quittierte jedoch drei Monate sp\u00e4ter den Dienst, ohne eine Verbesserung der Situation erreicht zu haben, im Gegenteil, die Stimmung wurde immer gewaltt\u00e4tiger und feindlicher.<\/p>\n<p>Nicht nur der Pavillon bereitete den BewohnerInnen der Siedlung Sorgen. In der engen Siedlung, in welcher gem\u00e4\u00df Stiftungszweck ausschlie\u00dflich kinderreiche Familien mit geringem Einkommen wohnen, waren die ehemaligen Schreberg\u00e4rten an der L\u00e4ngsseite eines von zwei parallel stehenden Wohnblocks von Unrat und Abf\u00e4llen bedeckt. Es stank und Ungeziefer breitete sich aus.<\/p>\n<p>Auf Initiative der Siedlungssozialarbeiterin und ihrem Appell folgend, haben sich die M\u00e4nner in der Siedlung, welche alle V\u00e4ter von mehreren Kindern sind, organisiert und zusammengeschlossen. Sie haben sich mit Fragen der Autorit\u00e4t auseinandergesetzt. W\u00e4hrend die Siedlung Luchswiesen fr\u00fcher traditionelle Arbeiterfamilien beherbergte, wohnen heute Familien aus zahlreichen Nationen dort. Viele von ihnen sind Fl\u00fcchtlinge.<\/p>\n<p>Die V\u00e4ter haben sich kennen gelernt und ausgelotet, wie sie am besten mit ihren Gemeinsamkeiten und Unterschieden zurande kommen. Sie haben ihre Telefonnummern ausgetauscht, und wenn es im Pavillon wieder laut wurde, sind sie zu dritt hinausgegangen und haben die Jugendlichen konfrontiert. Dabei haben sie die Erfahrung gemacht, dass die Jugendlichen \u2013 meist auch sie m\u00e4nnlich \u2013 ihre Einw\u00e4nde nachvollziehen und respektieren konnten.<\/p>\n<p>Die V\u00e4ter haben mit den Jugendlichen der Siedlung zusammen Sitzb\u00e4nke von Kritzeleien und Tags gereinigt und neu gestrichen. Und sie haben sich zusammengeschlossen, um den Jugendlichen einen Raum anzubieten, in welchem sie f\u00fcr sich sein k\u00f6nnen und ihre Freizeit verbringen k\u00f6nnen. Dabei haben die V\u00e4ter Verantwortung \u00fcbernommen, aber teilen sie auch: der Schl\u00fcssel zum Raum ist f\u00fcr die Jugendlichen gegen ein Pfand von 20 Franken erh\u00e4ltlich.<\/p>\n<p>Durch das Projekt konnte die Lebensqualit\u00e4t f\u00fcr die SiedlungsbewohnerInnen massiv gesteigert werden. Die transparente Kostenaufstellung zeigt auf, dass ein solches Unterfangen zwar eine betr\u00e4chtliche finanzielle Investition f\u00fcr die Eigent\u00fcmer bedeutet \u2013 jedoch rechnet sich dieser Beitrag in jeden Fall, da die Kosten f\u00fcr Instandhaltung, Kontrolle sowie Reinigung gesenkt werden k\u00f6nnen.<\/p>\n<p><a href=\"http:\/\/www.socialnet.de\/rezensionen\/13387.php\" target=\"_blank\">Quelle<\/a><\/p>\n","protected":false},"excerpt":{"rendered":"<p>In \u201ePartizipation in interkulturellen Siedlungen\u201c beschreibt Katharina Barandun, wie durch aufsuchende Sozialarbeit erreicht werden konnte, dass Bewohnerinnen und Bewohner einer st\u00e4dtischen Siedlung in Z\u00fcrich bestehende Probleme selber in die Hand nehmen und l\u00f6sen konnten. Dabei wurde ein Schwerpunkt auf die Partizipation der M\u00e4nner und V\u00e4ter in der Siedlung gelegt. Ausgangspunkt des Projekts \u201eFit in die [&hellip;]<\/p>\n","protected":false},"author":1,"featured_media":0,"comment_status":"open","ping_status":"open","sticky":false,"template":"","format":"standard","meta":[],"categories":[43,207,71,128],"tags":[150],"_links":{"self":[{"href":"https:\/\/vaeter-und-karriere.de\/blog\/index.php\/wp-json\/wp\/v2\/posts\/6512"}],"collection":[{"href":"https:\/\/vaeter-und-karriere.de\/blog\/index.php\/wp-json\/wp\/v2\/posts"}],"about":[{"href":"https:\/\/vaeter-und-karriere.de\/blog\/index.php\/wp-json\/wp\/v2\/types\/post"}],"author":[{"embeddable":true,"href":"https:\/\/vaeter-und-karriere.de\/blog\/index.php\/wp-json\/wp\/v2\/users\/1"}],"replies":[{"embeddable":true,"href":"https:\/\/vaeter-und-karriere.de\/blog\/index.php\/wp-json\/wp\/v2\/comments?post=6512"}],"version-history":[{"count":2,"href":"https:\/\/vaeter-und-karriere.de\/blog\/index.php\/wp-json\/wp\/v2\/posts\/6512\/revisions"}],"predecessor-version":[{"id":6519,"href":"https:\/\/vaeter-und-karriere.de\/blog\/index.php\/wp-json\/wp\/v2\/posts\/6512\/revisions\/6519"}],"wp:attachment":[{"href":"https:\/\/vaeter-und-karriere.de\/blog\/index.php\/wp-json\/wp\/v2\/media?parent=6512"}],"wp:term":[{"taxonomy":"category","embeddable":true,"href":"https:\/\/vaeter-und-karriere.de\/blog\/index.php\/wp-json\/wp\/v2\/categories?post=6512"},{"taxonomy":"post_tag","embeddable":true,"href":"https:\/\/vaeter-und-karriere.de\/blog\/index.php\/wp-json\/wp\/v2\/tags?post=6512"}],"curies":[{"name":"wp","href":"https:\/\/api.w.org\/{rel}","templated":true}]}}