{"id":6495,"date":"2012-09-08T16:44:43","date_gmt":"2012-09-08T15:44:43","guid":{"rendered":"http:\/\/vaeter-und-karriere.de\/blog\/?p=6495"},"modified":"2012-09-08T16:44:43","modified_gmt":"2012-09-08T15:44:43","slug":"vater-kind-wochenende-trotz-gefangnis","status":"publish","type":"post","link":"https:\/\/vaeter-und-karriere.de\/blog\/index.php\/2012\/09\/08\/vater-kind-wochenende-trotz-gefangnis\/","title":{"rendered":"Vater-Kind-Wochenende trotz Gef\u00e4ngnis"},"content":{"rendered":"<p><a href=\"http:\/\/johanneswerk.de\/typo3temp\/pics\/Freiraeume_Ballon_cb55b811f3.jpg\"><img loading=\"lazy\" class=\"alignright\" src=\"http:\/\/johanneswerk.de\/typo3temp\/pics\/Freiraeume_Ballon_cb55b811f3.jpg\" alt=\"\" width=\"180\" height=\"120\" \/><\/a>Mit dem Wochenendseminar, das die <a href=\"http:\/\/johanneswerk.de\/de\/einrichtungen\/diakonie-fuer-bielefeld\/paedagogik\/hilfen-in-krisensituationen\/freiraeume-fuer-kinder-inhaftierter-elternteile.html\" target=\"_blank\">Diakonie f\u00fcr Bielefeld gGmbH \/ Anlaufstelle Freir\u00e4ume<\/a> und das<a href=\"http:\/\/www.kircheundgesellschaft.de\/ \" target=\"_blank\"> Institut f\u00fcr Kirche und Gesellschaft der Ev. Kirche in Westfalen<\/a> anbieten, sollen die Beziehungen zwischen inhaftierten V\u00e4tern und ihren Kindern gest\u00e4rkt und Spielr\u00e4ume geschaffen werden. F\u00fcr die Wiedereingliederung des inhaftierten Elternteils in die famili\u00e4re Gemeinschaft geh\u00f6rt die Bef\u00e4higung zum Leben in der Gemeinschaft.<\/p>\n<p>Diese F\u00e4higkeit kann nicht theoretisch erlernt werden. Nur im Umgang mit den Kindern kann der Inhaftierte die Bed\u00fcrfnisse und Gef\u00fchle der Kinder kennen lernen und verantwortungsvolles, v\u00e4terliches Verhalten ein\u00fcben. Das Wochenendseminar bietet hierf\u00fcr eine F\u00fclle von Gelegenheiten und einen gesch\u00fctzten Rahmen. Eine 14-J\u00e4hrige beschreibt das Erlebnis folgenderma\u00dfen:<\/p>\n<p><em>\u201eAm Freitag bin ich mit Marvin, Lisa und Papa von Mama zum Vater-Kind-Wochenende nach Meinerzhagen gefahren worden. Als Mama weggefahren ist und alle anderen da waren, haben wir Familienplakate gemacht. Jede Familie hatte ein eigenes, worauf jeweils von jedem die Lieblingsfarbe, -spiel, -essen und \u2013Ort\/Land drauf stand. Danach haben wir sie an die Wand geh\u00e4ngt, einen gro\u00dfen Stuhlkreis gemacht und jede Familie hat ihr Plakat vorgestellt. <\/em><\/p>\n<p><em>Ein paar V\u00e4ter und Kinder haben Namensbuttons gemacht. Wir haben zu Abend gegessen und danach Kennenlernspiele gespielt. Nach einer kurzen Pause haben V\u00e4ter und Kinder getrennt Dinge gekl\u00e4rt. Wir Kinder haben uns Regeln ausgedacht und Spiele ausgesucht, die Sonntagvormittag mit den V\u00e4tern auf dem Fu\u00dfballplatz gespielt werden sollen. Wir haben auch W\u00fcnsche f\u00fcr das Wochenende, wie \u201eSpa\u00df\u201c, \u201ekuscheln mit Papa\u201c, \u201eviele Spiele f\u00fcrs Wochenende\u201c aufgeschrieben. Was die V\u00e4ter in der Zeit gemacht haben, wei\u00df ich nicht. Dann kamen die V\u00e4ter zur\u00fcck und einer hat eine Gute-Nacht Geschichte vorgelesen. Wir anderen lagen auf Decken und kuschelten uns an Papa. Danach sind wir alle aufs Zimmer gegangen und haben geschlafen. \u2026&#8220;<\/em><\/p>\n<p>Ein tolles Projekt, das zu Recht auch im kommenden Jahr weitergef\u00f6rdert wird.<\/p>\n<p><a href=\"http:\/\/johanneswerk.de\/de\/kommunikation\/aktuelles\/weitere-news\/news\/article\/vater-kind-wochenende-trotz-gefaengnis.html \" target=\"_blank\">Quelle<\/a><\/p>\n","protected":false},"excerpt":{"rendered":"<p>Mit dem Wochenendseminar, das die Diakonie f\u00fcr Bielefeld gGmbH \/ Anlaufstelle Freir\u00e4ume und das Institut f\u00fcr Kirche und Gesellschaft der Ev. Kirche in Westfalen anbieten, sollen die Beziehungen zwischen inhaftierten V\u00e4tern und ihren Kindern gest\u00e4rkt und Spielr\u00e4ume geschaffen werden. F\u00fcr die Wiedereingliederung des inhaftierten Elternteils in die famili\u00e4re Gemeinschaft geh\u00f6rt die Bef\u00e4higung zum Leben in [&hellip;]<\/p>\n","protected":false},"author":1,"featured_media":0,"comment_status":"open","ping_status":"open","sticky":false,"template":"","format":"standard","meta":[],"categories":[43,20],"tags":[],"_links":{"self":[{"href":"https:\/\/vaeter-und-karriere.de\/blog\/index.php\/wp-json\/wp\/v2\/posts\/6495"}],"collection":[{"href":"https:\/\/vaeter-und-karriere.de\/blog\/index.php\/wp-json\/wp\/v2\/posts"}],"about":[{"href":"https:\/\/vaeter-und-karriere.de\/blog\/index.php\/wp-json\/wp\/v2\/types\/post"}],"author":[{"embeddable":true,"href":"https:\/\/vaeter-und-karriere.de\/blog\/index.php\/wp-json\/wp\/v2\/users\/1"}],"replies":[{"embeddable":true,"href":"https:\/\/vaeter-und-karriere.de\/blog\/index.php\/wp-json\/wp\/v2\/comments?post=6495"}],"version-history":[{"count":1,"href":"https:\/\/vaeter-und-karriere.de\/blog\/index.php\/wp-json\/wp\/v2\/posts\/6495\/revisions"}],"predecessor-version":[{"id":6496,"href":"https:\/\/vaeter-und-karriere.de\/blog\/index.php\/wp-json\/wp\/v2\/posts\/6495\/revisions\/6496"}],"wp:attachment":[{"href":"https:\/\/vaeter-und-karriere.de\/blog\/index.php\/wp-json\/wp\/v2\/media?parent=6495"}],"wp:term":[{"taxonomy":"category","embeddable":true,"href":"https:\/\/vaeter-und-karriere.de\/blog\/index.php\/wp-json\/wp\/v2\/categories?post=6495"},{"taxonomy":"post_tag","embeddable":true,"href":"https:\/\/vaeter-und-karriere.de\/blog\/index.php\/wp-json\/wp\/v2\/tags?post=6495"}],"curies":[{"name":"wp","href":"https:\/\/api.w.org\/{rel}","templated":true}]}}