{"id":6487,"date":"2012-09-06T19:19:34","date_gmt":"2012-09-06T18:19:34","guid":{"rendered":"http:\/\/vaeter-und-karriere.de\/blog\/?p=6487"},"modified":"2012-09-06T19:19:34","modified_gmt":"2012-09-06T18:19:34","slug":"manner-weinen-nicht","status":"publish","type":"post","link":"https:\/\/vaeter-und-karriere.de\/blog\/index.php\/2012\/09\/06\/manner-weinen-nicht\/","title":{"rendered":"M\u00e4nner weinen nicht"},"content":{"rendered":"<p><a href=\"http:\/\/www.amazon.de\/gp\/product\/3442173205\/ref=as_li_ss_tl?ie=UTF8&amp;camp=1638&amp;creative=19454&amp;creativeASIN=3442173205&amp;linkCode=as2&amp;tag=vaeterblog-21&amp;l=as2&amp;o=3&amp;a=3442173205 \"><img loading=\"lazy\" class=\"alignright\" src=\"http:\/\/ebookstr.de\/wp-content\/uploads\/2012\/08\/Loeffler_CWagner_BMaenner_weinen_nicht_128686.png \" alt=\"\" width=\"123\" height=\"180\" \/><\/a>M\u00e4nner, die exzessiv riskante Sportarten betreiben, risikofreudig schnelle Autos fahren oder regelm\u00e4\u00dfig trinken, gelten landl\u00e4ufig als m\u00e4nnlich. Doch kaum jemand wei\u00df, dass dies auch Anzeichen f\u00fcr eine der h\u00e4ufigsten und t\u00f6dlichsten Krankheiten sein kann: M\u00e4nnerdepression. Experten gehen davon aus, dass drei bis vier Millionen M\u00e4nner im Laufe ihres Lebens an einer Depression erkranken. Davon versuchen gesch\u00e4tzte 100.000 j\u00e4hrlich sich das Leben zu nehmen.<\/p>\n<p>Lange galt Depression als eine Krankheit der Frauen. Man nahm an, dass sie zwei bis drei Mal h\u00e4ufiger daran erkranken. Dies wird heute von Experten bezweifelt. Nur weil M\u00e4nner seltener die bei Frauen typischen Symptome zeigen und so eine Erkrankung h\u00e4ufiger unerkannt bleibt, bedeutet dies nicht, dass sie nicht auch an Depressionen leiden. Von 10.000 Selbstt\u00f6tungen j\u00e4hrlich entfallen drei Viertel auf die M\u00e4nner, die im Allgemeinen seltener zum Arzt gehen und Therapien und Behandlungen gegen\u00fcber weniger offen sind. Dennoch wurden Depressionen bei M\u00e4nnern bislang kaum erforscht, sodass es fast keine Therapieformen f\u00fcr M\u00e4nner gibt.<\/p>\n<p>In \u201e<a href=\"http:\/\/www.amazon.de\/gp\/product\/3442173205\/ref=as_li_ss_tl?ie=UTF8&amp;camp=1638&amp;creative=19454&amp;creativeASIN=3442173205&amp;linkCode=as2&amp;tag=vaeterblog-21&amp;l=as2&amp;o=3&amp;a=3442173205 \" target=\"_blank\">M\u00e4nner weinen nicht. Depressionen bei M\u00e4nnern<\/a>\u201c beschreiben Constanze L\u00f6ffler, Beate Wagner und Prof. Dr. Manfred Wolfersdorf m\u00f6gliche Ursachen f\u00fcr Depressionen, stellen Kriterien f\u00fcr die Erkennung von Depressionen zusammen und haben einen Depressions-Selbsttest entwickelt, der es Betroffenen oder Au\u00dfenstehenden erleichtert, die Krankheit besser zu erkennen und einzuordnen. Sie stellen unterschiedliche Medikamente und Therapieformen vor und widmen sich der Frage, wie Menschen selbst unter schwierigsten Bedingungen das Leben erfolgreich bew\u00e4ltigen. Denn lange wurde in der Forschung gefragt, was Menschen krankmacht, doch erst seit kurzem besch\u00e4ftigt man sich in der sogenannten Resilienzforschung auch mit der Frage, was die psychische Gesundheit f\u00f6rdern kann.<\/p>\n<p><a href=\"http:\/\/idw-online.de\/de\/news494406 \" target=\"_blank\">Quelle<\/a><\/p>\n","protected":false},"excerpt":{"rendered":"<p>M\u00e4nner, die exzessiv riskante Sportarten betreiben, risikofreudig schnelle Autos fahren oder regelm\u00e4\u00dfig trinken, gelten landl\u00e4ufig als m\u00e4nnlich. Doch kaum jemand wei\u00df, dass dies auch Anzeichen f\u00fcr eine der h\u00e4ufigsten und t\u00f6dlichsten Krankheiten sein kann: M\u00e4nnerdepression. Experten gehen davon aus, dass drei bis vier Millionen M\u00e4nner im Laufe ihres Lebens an einer Depression erkranken. Davon versuchen [&hellip;]<\/p>\n","protected":false},"author":1,"featured_media":0,"comment_status":"open","ping_status":"open","sticky":false,"template":"","format":"standard","meta":[],"categories":[28,33],"tags":[],"_links":{"self":[{"href":"https:\/\/vaeter-und-karriere.de\/blog\/index.php\/wp-json\/wp\/v2\/posts\/6487"}],"collection":[{"href":"https:\/\/vaeter-und-karriere.de\/blog\/index.php\/wp-json\/wp\/v2\/posts"}],"about":[{"href":"https:\/\/vaeter-und-karriere.de\/blog\/index.php\/wp-json\/wp\/v2\/types\/post"}],"author":[{"embeddable":true,"href":"https:\/\/vaeter-und-karriere.de\/blog\/index.php\/wp-json\/wp\/v2\/users\/1"}],"replies":[{"embeddable":true,"href":"https:\/\/vaeter-und-karriere.de\/blog\/index.php\/wp-json\/wp\/v2\/comments?post=6487"}],"version-history":[{"count":1,"href":"https:\/\/vaeter-und-karriere.de\/blog\/index.php\/wp-json\/wp\/v2\/posts\/6487\/revisions"}],"predecessor-version":[{"id":6488,"href":"https:\/\/vaeter-und-karriere.de\/blog\/index.php\/wp-json\/wp\/v2\/posts\/6487\/revisions\/6488"}],"wp:attachment":[{"href":"https:\/\/vaeter-und-karriere.de\/blog\/index.php\/wp-json\/wp\/v2\/media?parent=6487"}],"wp:term":[{"taxonomy":"category","embeddable":true,"href":"https:\/\/vaeter-und-karriere.de\/blog\/index.php\/wp-json\/wp\/v2\/categories?post=6487"},{"taxonomy":"post_tag","embeddable":true,"href":"https:\/\/vaeter-und-karriere.de\/blog\/index.php\/wp-json\/wp\/v2\/tags?post=6487"}],"curies":[{"name":"wp","href":"https:\/\/api.w.org\/{rel}","templated":true}]}}