{"id":6397,"date":"2012-07-30T10:19:28","date_gmt":"2012-07-30T09:19:28","guid":{"rendered":"http:\/\/vaeter-und-karriere.de\/blog\/?p=6397"},"modified":"2012-08-03T10:33:04","modified_gmt":"2012-08-03T09:33:04","slug":"internationale-konferenz-zur-mannerpolitik","status":"publish","type":"post","link":"https:\/\/vaeter-und-karriere.de\/blog\/index.php\/2012\/07\/30\/internationale-konferenz-zur-mannerpolitik\/","title":{"rendered":"Internationale Konferenz zur M\u00e4nnerpolitik"},"content":{"rendered":"<p>Am 22. und 23. Oktober 2012\u00a0veranstaltet das Bundesfamilienministerium\u00a0die internationale\u00a0Konferenz\u00a0&#8222;M\u00e4nnerpolitik. M\u00e4nnerpolitische Beitr\u00e4ge zu einer geschlechtergerechten Gesellschaft&#8220;. Die Veranstaltung\u00a0richtet sich an internationale Expertinnen und Experten aus Gesellschaft, Wissenschaft, Verwaltung und Politik und soll die gro\u00dfe Vielfalt der Organisationen in Deutschland, \u00d6sterreich und den anderen europ\u00e4ischen Staaten abbilden.<\/p>\n<p>Die Konferenz wird von Bundesfamilienministerin Kristina Schr\u00f6der er\u00f6ffnet. Der \u00f6sterreichische\u00a0Bundesminister f\u00fcr Arbeit, Soziales und Konsumentenschutz,\u00a0Rudolf Hundstorfer, h\u00e4lt das Gru\u00dfwort.\u00a0Neben den Ans\u00e4tzen in der deutschen Gleichstellungspolitik zum Thema &#8222;M\u00e4nnerpolitik&#8220; werden auch Beispiele\u00a0aus \u00d6sterreich, der Schweiz, Norwegen und Luxemburg pr\u00e4sentiert.<\/p>\n<p>Von der Tagung soll ein deutliches &#8222;Ja&#8220; zur Gleichstellungspolitik als nachhaltiger Politik der Geschlechtergerechtigkeit und der fairen Chancen f\u00fcr Frauen und M\u00e4nner ausgehen. Auch soll das \u00f6ffentliche Interesse sowie die gesellschaftliche und politische Aufmerksamkeit f\u00fcr die Gleichstellungspolitik f\u00fcr Jungen und M\u00e4nner geweckt und gest\u00e4rkt werden.<\/p>\n<p>Am Dienstagnachmittag bietet die Konferenz den Mitgliedern der teilnehmenden M\u00e4nner- und V\u00e4terorganisationen die M\u00f6glichkeit zur Vernetzung.<\/p>\n<p>Eine Anmeldung zu der Veranstaltung ist bis zum 31. August 2012 m\u00f6glich. Weitere Informationen k\u00f6nnen dem <a href=\"http:\/\/www.bmfsfj.de\/RedaktionBMFSFJ\/Abteilung4\/Pdf-Anlagen\/maennerpolitik-deutsch,property=pdf,bereich=bmfsfj,sprache=de,rwb=true.pdf \" target=\"_blank\">Flyer<\/a> zur Konferenz entnommen werden.<\/p>\n<p><a href=\"http:\/\/www.bmfsfj.de\/BMFSFJ\/gleichstellung,did=187620.html\" target=\"_blank\">Quelle<\/a><\/p>\n","protected":false},"excerpt":{"rendered":"<p>Am 22. und 23. Oktober 2012\u00a0veranstaltet das Bundesfamilienministerium\u00a0die internationale\u00a0Konferenz\u00a0&#8222;M\u00e4nnerpolitik. M\u00e4nnerpolitische Beitr\u00e4ge zu einer geschlechtergerechten Gesellschaft&#8220;. Die Veranstaltung\u00a0richtet sich an internationale Expertinnen und Experten aus Gesellschaft, Wissenschaft, Verwaltung und Politik und soll die gro\u00dfe Vielfalt der Organisationen in Deutschland, \u00d6sterreich und den anderen europ\u00e4ischen Staaten abbilden. Die Konferenz wird von Bundesfamilienministerin Kristina Schr\u00f6der er\u00f6ffnet. Der \u00f6sterreichische\u00a0Bundesminister [&hellip;]<\/p>\n","protected":false},"author":1,"featured_media":0,"comment_status":"open","ping_status":"open","sticky":false,"template":"","format":"standard","meta":[],"categories":[37,6],"tags":[91,197],"_links":{"self":[{"href":"https:\/\/vaeter-und-karriere.de\/blog\/index.php\/wp-json\/wp\/v2\/posts\/6397"}],"collection":[{"href":"https:\/\/vaeter-und-karriere.de\/blog\/index.php\/wp-json\/wp\/v2\/posts"}],"about":[{"href":"https:\/\/vaeter-und-karriere.de\/blog\/index.php\/wp-json\/wp\/v2\/types\/post"}],"author":[{"embeddable":true,"href":"https:\/\/vaeter-und-karriere.de\/blog\/index.php\/wp-json\/wp\/v2\/users\/1"}],"replies":[{"embeddable":true,"href":"https:\/\/vaeter-und-karriere.de\/blog\/index.php\/wp-json\/wp\/v2\/comments?post=6397"}],"version-history":[{"count":1,"href":"https:\/\/vaeter-und-karriere.de\/blog\/index.php\/wp-json\/wp\/v2\/posts\/6397\/revisions"}],"predecessor-version":[{"id":6398,"href":"https:\/\/vaeter-und-karriere.de\/blog\/index.php\/wp-json\/wp\/v2\/posts\/6397\/revisions\/6398"}],"wp:attachment":[{"href":"https:\/\/vaeter-und-karriere.de\/blog\/index.php\/wp-json\/wp\/v2\/media?parent=6397"}],"wp:term":[{"taxonomy":"category","embeddable":true,"href":"https:\/\/vaeter-und-karriere.de\/blog\/index.php\/wp-json\/wp\/v2\/categories?post=6397"},{"taxonomy":"post_tag","embeddable":true,"href":"https:\/\/vaeter-und-karriere.de\/blog\/index.php\/wp-json\/wp\/v2\/tags?post=6397"}],"curies":[{"name":"wp","href":"https:\/\/api.w.org\/{rel}","templated":true}]}}