{"id":6386,"date":"2012-07-26T08:50:06","date_gmt":"2012-07-26T07:50:06","guid":{"rendered":"http:\/\/vaeter-und-karriere.de\/blog\/?p=6386"},"modified":"2012-07-27T08:55:06","modified_gmt":"2012-07-27T07:55:06","slug":"vater-haben-mehr-lebensfreude","status":"publish","type":"post","link":"https:\/\/vaeter-und-karriere.de\/blog\/index.php\/2012\/07\/26\/vater-haben-mehr-lebensfreude\/","title":{"rendered":"V\u00e4ter haben mehr Lebensfreude"},"content":{"rendered":"<p>Die deutschen V\u00e4ter genie\u00dfen den Alltag mit ihrem Nachwuchs offenbar ganz besonders. Denn 61 % der Papas zwischen 20 und 45 Jahren empfinden gro\u00dfe Lebensfreude. W\u00e4hrend es unter den gleichaltrigen M\u00e4nnern ohne Kinder 46 % sind. Auch bei den M\u00fcttern liegt die Zahl leicht hinter den V\u00e4tern. Rund jede Zweite bezeichnet sich als sehr lebensfroh. Das zeigt eine aktuelle Studie: forsa befragte im Auftrag des <a href=\"http:\/\/happiness-institut.de\/ \" target=\"_blank\">Happiness Instituts<\/a> 2.000 Menschen in Deutschland zum Thema Lebensfreude. 83 % der lebensfrohen Eltern sagen demnach: Mit einem kleinen Kind erlebt man so viele sch\u00f6ne Momente, dass Schwierigkeiten nicht ins Gewicht fallen.<\/p>\n<p>Den Spagat zwischen B\u00fcro und Kita zu wagen, scheint sich indes zu lohnen. 56 % der berufst\u00e4tigen Eltern von kleinen Kindern versp\u00fcren gro\u00dfe Lebensfreude, im Gegensatz zu 49 % der M\u00fctter oder V\u00e4ter, die gerade nicht arbeiten. Unterschiede gibt es aber auch hier zwischen den Elternteilen: W\u00e4hrend 61 % der arbeitenden Papas ihren Lebensfreude-Tank gut gef\u00fcllt haben, kann das nur jede zweite Working Mum von sich behaupten.<\/p>\n<p>Um die Lebensfreude auch im turbulenten Alltag zu bewahren, schw\u00f6ren lebensfrohe Eltern auf ebenso einfache wie wirkungsvolle Strategien. Rund zwei Drittel versuchen, immer ruhig und gelassen zu bleiben. 47 % finden eine gute Aufgabenteilung mit dem Partner wichtig. Mehr als jeder Dritte g\u00f6nnt sich gelegentlich einen kinderfreien Abend, um mit Freunden auszugehen, und 27 % organisieren ab und zu einen romantischen Abend zu zweit. Nur ein knappes Drittel kann allerdings auf Freunde, Verwandte oder Bekannte bauen, die sie bei der Kinderbetreuung unterst\u00fctzen.<\/p>\n<p><a href=\"http:\/\/www.focus.de\/panorama\/diverses\/gesellschaft-vater-sein-ist-gar-nicht-schwer-deutsche-papas-geniessen-die-trubelige-zeit-mit-ihren-kindern-bild_aid_787711.html \" target=\"_blank\">Quelle<\/a><\/p>\n","protected":false},"excerpt":{"rendered":"<p>Die deutschen V\u00e4ter genie\u00dfen den Alltag mit ihrem Nachwuchs offenbar ganz besonders. Denn 61 % der Papas zwischen 20 und 45 Jahren empfinden gro\u00dfe Lebensfreude. W\u00e4hrend es unter den gleichaltrigen M\u00e4nnern ohne Kinder 46 % sind. Auch bei den M\u00fcttern liegt die Zahl leicht hinter den V\u00e4tern. Rund jede Zweite bezeichnet sich als sehr lebensfroh. [&hellip;]<\/p>\n","protected":false},"author":1,"featured_media":0,"comment_status":"open","ping_status":"open","sticky":false,"template":"","format":"standard","meta":[],"categories":[43,56],"tags":[82],"_links":{"self":[{"href":"https:\/\/vaeter-und-karriere.de\/blog\/index.php\/wp-json\/wp\/v2\/posts\/6386"}],"collection":[{"href":"https:\/\/vaeter-und-karriere.de\/blog\/index.php\/wp-json\/wp\/v2\/posts"}],"about":[{"href":"https:\/\/vaeter-und-karriere.de\/blog\/index.php\/wp-json\/wp\/v2\/types\/post"}],"author":[{"embeddable":true,"href":"https:\/\/vaeter-und-karriere.de\/blog\/index.php\/wp-json\/wp\/v2\/users\/1"}],"replies":[{"embeddable":true,"href":"https:\/\/vaeter-und-karriere.de\/blog\/index.php\/wp-json\/wp\/v2\/comments?post=6386"}],"version-history":[{"count":2,"href":"https:\/\/vaeter-und-karriere.de\/blog\/index.php\/wp-json\/wp\/v2\/posts\/6386\/revisions"}],"predecessor-version":[{"id":6388,"href":"https:\/\/vaeter-und-karriere.de\/blog\/index.php\/wp-json\/wp\/v2\/posts\/6386\/revisions\/6388"}],"wp:attachment":[{"href":"https:\/\/vaeter-und-karriere.de\/blog\/index.php\/wp-json\/wp\/v2\/media?parent=6386"}],"wp:term":[{"taxonomy":"category","embeddable":true,"href":"https:\/\/vaeter-und-karriere.de\/blog\/index.php\/wp-json\/wp\/v2\/categories?post=6386"},{"taxonomy":"post_tag","embeddable":true,"href":"https:\/\/vaeter-und-karriere.de\/blog\/index.php\/wp-json\/wp\/v2\/tags?post=6386"}],"curies":[{"name":"wp","href":"https:\/\/api.w.org\/{rel}","templated":true}]}}