{"id":6363,"date":"2012-07-17T00:57:46","date_gmt":"2012-07-16T23:57:46","guid":{"rendered":"http:\/\/vaeter-und-karriere.de\/blog\/?p=6363"},"modified":"2013-08-05T14:10:26","modified_gmt":"2013-08-05T14:10:26","slug":"eine-letzte-chance-dem-vater-zu-begegnen","status":"publish","type":"post","link":"https:\/\/vaeter-und-karriere.de\/blog\/index.php\/2012\/07\/17\/eine-letzte-chance-dem-vater-zu-begegnen\/","title":{"rendered":"Eine letzte Chance, dem Vater zu begegnen"},"content":{"rendered":"<p>Der britische Fotograf <a href=\"http:\/\/www.mrtoledano.com\/ \" target=\"_blank\">Phillip Toledano<\/a> hat ein Buch &#8218;<a href=\"http:\/\/www.amazon.de\/gp\/product\/3868732217\/ref=as_li_ss_tl?ie=UTF8&amp;camp=1638&amp;creative=19454&amp;creativeASIN=3868732217&amp;linkCode=as2&amp;tag=vaeterblog-21%22&amp;l=as2&amp;o=3&amp;a=3868732217 \" target=\"_blank\">Letzte Tage mit meinem Vater<\/a>&#8218; \u00fcber seinen an Demenz erkrankten Vater gemacht. Es zeigt vollkommen ungesch\u00f6nt den Zerfall eines K\u00f6rpers \u2013 und eines Geistes. Doch die Haltung des Fotografen ist nicht voyeuristisch, sondern die eines liebenden Sohnes, der Abschied nehmen muss.<\/p>\n<p>Der alte Mann zieht die Stirn kraus, die Augen in seinem hageren Gesicht schauen zu Boden, angespannt wirkt dieses Antlitz, in sich gekehrt. Dabei hat sein Sohn die Arme um den Alten geschlungen, dr\u00fcckt Nase und Stirn an die Schl\u00e4fe des Vaters, hat die Augen geschlossen, als wolle er sich ganz auf diesen Moment der N\u00e4he konzentrieren. Es ist eine innige Umarmung \u2013 allerdings eine einseitige.<\/p>\n<p><a href=\"http:\/\/www.amazon.de\/gp\/product\/3868732217\/ref=as_li_ss_tl?ie=UTF8&amp;camp=1638&amp;creative=19454&amp;creativeASIN=3868732217&amp;linkCode=as2&amp;tag=vaeterblog-21%22&amp;l=as2&amp;o=3&amp;a=3868732217\"><img loading=\"lazy\" class=\"alignleft\" src=\"http:\/\/www.weltbild.de\/media\/ab\/2\/021639456-letzte-tage-mit-meinem-vater.jpg \" alt=\"\" width=\"173\" height=\"129\" \/><\/a>Wie weit die Demenz das Ged\u00e4chtnis des Vaters bereits gesch\u00e4digt hat, wird dem Sohn erst klar, als die Mutter unerwartet stirbt. Der Sohn \u00fcbernimmt die Pflege des 97 Jahre alten Mannes und entdeckt zu seiner eigenen Verwunderung, dass das nicht nur Last, nicht nur Schrecken ist, sondern eine letzte Chance, dem Vater zu begegnen, ihn im Abschied kennenzulernen.<\/p>\n<p><a href=\"http:\/\/nachrichten.rp-online.de\/kultur\/bewegende-alzheimer-fotos-1.2895593 \" target=\"_blank\">Quelle<\/a><\/p>\n","protected":false},"excerpt":{"rendered":"<p>Der britische Fotograf Phillip Toledano hat ein Buch &#8218;Letzte Tage mit meinem Vater&#8218; \u00fcber seinen an Demenz erkrankten Vater gemacht. Es zeigt vollkommen ungesch\u00f6nt den Zerfall eines K\u00f6rpers \u2013 und eines Geistes. Doch die Haltung des Fotografen ist nicht voyeuristisch, sondern die eines liebenden Sohnes, der Abschied nehmen muss. Der alte Mann zieht die Stirn [&hellip;]<\/p>\n","protected":false},"author":1,"featured_media":0,"comment_status":"open","ping_status":"open","sticky":false,"template":"","format":"standard","meta":[],"categories":[128,56],"tags":[150],"_links":{"self":[{"href":"https:\/\/vaeter-und-karriere.de\/blog\/index.php\/wp-json\/wp\/v2\/posts\/6363"}],"collection":[{"href":"https:\/\/vaeter-und-karriere.de\/blog\/index.php\/wp-json\/wp\/v2\/posts"}],"about":[{"href":"https:\/\/vaeter-und-karriere.de\/blog\/index.php\/wp-json\/wp\/v2\/types\/post"}],"author":[{"embeddable":true,"href":"https:\/\/vaeter-und-karriere.de\/blog\/index.php\/wp-json\/wp\/v2\/users\/1"}],"replies":[{"embeddable":true,"href":"https:\/\/vaeter-und-karriere.de\/blog\/index.php\/wp-json\/wp\/v2\/comments?post=6363"}],"version-history":[{"count":7,"href":"https:\/\/vaeter-und-karriere.de\/blog\/index.php\/wp-json\/wp\/v2\/posts\/6363\/revisions"}],"predecessor-version":[{"id":7527,"href":"https:\/\/vaeter-und-karriere.de\/blog\/index.php\/wp-json\/wp\/v2\/posts\/6363\/revisions\/7527"}],"wp:attachment":[{"href":"https:\/\/vaeter-und-karriere.de\/blog\/index.php\/wp-json\/wp\/v2\/media?parent=6363"}],"wp:term":[{"taxonomy":"category","embeddable":true,"href":"https:\/\/vaeter-und-karriere.de\/blog\/index.php\/wp-json\/wp\/v2\/categories?post=6363"},{"taxonomy":"post_tag","embeddable":true,"href":"https:\/\/vaeter-und-karriere.de\/blog\/index.php\/wp-json\/wp\/v2\/tags?post=6363"}],"curies":[{"name":"wp","href":"https:\/\/api.w.org\/{rel}","templated":true}]}}