{"id":6360,"date":"2012-07-16T00:28:22","date_gmt":"2012-07-15T23:28:22","guid":{"rendered":"http:\/\/vaeter-und-karriere.de\/blog\/?p=6360"},"modified":"2012-07-15T18:33:09","modified_gmt":"2012-07-15T17:33:09","slug":"zusammen-anders-der-grune-geschlechtergipfel","status":"publish","type":"post","link":"https:\/\/vaeter-und-karriere.de\/blog\/index.php\/2012\/07\/16\/zusammen-anders-der-grune-geschlechtergipfel\/","title":{"rendered":"Zusammen anders! &#8211; Der Gr\u00fcne Geschlechtergipfel"},"content":{"rendered":"<p>Frauen und M\u00e4nner wollen eine gute Ausbildung, einen guten Job, gleiche Chancen, aber \u2013 Frauen wollen auch gleichen Lohn f\u00fcr dieselbe Arbeit, M\u00e4nner wollen nicht l\u00e4nger alleine der Familienern\u00e4hrer sein. M\u00fctter und V\u00e4ter wollen mehr Zeit f\u00fcr und mit ihren Kindern, aber \u2013 M\u00fctter wollen l\u00e4nger als halbe Teilzeit arbeiten, w\u00e4hrend V\u00e4ter nicht immer weiter \u00dcberstunden anh\u00e4ufen wollen.<\/p>\n<p>Die Liste der Diskrepanzen zwischen den W\u00fcnschen nach einem selbstbestimmten, gleichberechtigten Leben von Frauen und M\u00e4nnern und den Chancen, diese zu verwirklichen, l\u00e4sst sich fortsetzen. Unzeitgem\u00e4\u00dfe gesetzliche Rahmenbedingungen und antiquierte Rollenstereotype in den K\u00f6pfen vieler Verantwortlicher in Politik, Wirtschaft und Gesellschaft verhindern, dass Frauen und M\u00e4nner gleichberechtigte Partnerschaft, gleiche Rechte und gleiche Pflichten wirklich leben k\u00f6nnen.<\/p>\n<p>Frauen sind seit \u00fcber vierzig Jahren in Bewegung, streiten f\u00fcr ihre Rechte und k\u00f6nnen einige Erfolge nachweisen, vor allem im Kampf f\u00fcr Selbstbestimmung und gegen Gewalt. Ob der Feminismus jedoch noch zeitgem\u00e4\u00df ist, wird immer wieder angezweifelt, gerne auch von Frauen selbst, nicht zuletzt von der amtierenden Bundesfrauenministerin.<\/p>\n<p>Auch M\u00e4nner mischen sich zunehmend in die Debatte um Gleichberechtigung ein. Diejenigen, die den Mut haben, ein neues Bild vom Mann zu entwerfen und im Alltag zu leben. Und die daf\u00fcr die Frauen nicht als Gegnerinnen, sondern Partnerinnen sehen und gewinnen wollen.<\/p>\n<p>Aktuell wird an einigen Baustellen, die das Geschlechterverh\u00e4ltnis betreffen, gearbeitet, sei es das Sorgerecht, die Quote in der freien Wirtschaft oder das Betreuungsgeld. Der Gr\u00fcne Geschlechtergipfel\u00a0 identifiziert aktuelle Hemmnisse beim Kampf f\u00fcr gleiche Rechte und Pflichten, entwickelt Alternativen und sucht Verb\u00fcndete auf dem Weg in die gleichberechtigte Gesellschaft. Zusammen anders!<\/p>\n<p>Der Gr\u00fcne Geschlechtergipfel findet am 22. September 2012, von 10:00 bis 17:30 Uhr im <a href=\"http:\/\/www.lvr.de\/de\/nav_main\/derlvr\/metanavigation_4\/kontakt_7\/anfahrt\/standorte\/anfahrt_1.html\" target=\"_blank\">Horion-Haus<\/a> in K\u00f6ln Deutz statt.<\/p>\n<p><a href=\"http:\/\/www.gruene-nrw.de\/geschlechtergipfel.html \" target=\"_blank\">Quelle<\/a><\/p>\n","protected":false},"excerpt":{"rendered":"<p>Frauen und M\u00e4nner wollen eine gute Ausbildung, einen guten Job, gleiche Chancen, aber \u2013 Frauen wollen auch gleichen Lohn f\u00fcr dieselbe Arbeit, M\u00e4nner wollen nicht l\u00e4nger alleine der Familienern\u00e4hrer sein. M\u00fctter und V\u00e4ter wollen mehr Zeit f\u00fcr und mit ihren Kindern, aber \u2013 M\u00fctter wollen l\u00e4nger als halbe Teilzeit arbeiten, w\u00e4hrend V\u00e4ter nicht immer weiter [&hellip;]<\/p>\n","protected":false},"author":1,"featured_media":0,"comment_status":"open","ping_status":"open","sticky":false,"template":"","format":"standard","meta":[],"categories":[37,71],"tags":[174],"_links":{"self":[{"href":"https:\/\/vaeter-und-karriere.de\/blog\/index.php\/wp-json\/wp\/v2\/posts\/6360"}],"collection":[{"href":"https:\/\/vaeter-und-karriere.de\/blog\/index.php\/wp-json\/wp\/v2\/posts"}],"about":[{"href":"https:\/\/vaeter-und-karriere.de\/blog\/index.php\/wp-json\/wp\/v2\/types\/post"}],"author":[{"embeddable":true,"href":"https:\/\/vaeter-und-karriere.de\/blog\/index.php\/wp-json\/wp\/v2\/users\/1"}],"replies":[{"embeddable":true,"href":"https:\/\/vaeter-und-karriere.de\/blog\/index.php\/wp-json\/wp\/v2\/comments?post=6360"}],"version-history":[{"count":2,"href":"https:\/\/vaeter-und-karriere.de\/blog\/index.php\/wp-json\/wp\/v2\/posts\/6360\/revisions"}],"predecessor-version":[{"id":6362,"href":"https:\/\/vaeter-und-karriere.de\/blog\/index.php\/wp-json\/wp\/v2\/posts\/6360\/revisions\/6362"}],"wp:attachment":[{"href":"https:\/\/vaeter-und-karriere.de\/blog\/index.php\/wp-json\/wp\/v2\/media?parent=6360"}],"wp:term":[{"taxonomy":"category","embeddable":true,"href":"https:\/\/vaeter-und-karriere.de\/blog\/index.php\/wp-json\/wp\/v2\/categories?post=6360"},{"taxonomy":"post_tag","embeddable":true,"href":"https:\/\/vaeter-und-karriere.de\/blog\/index.php\/wp-json\/wp\/v2\/tags?post=6360"}],"curies":[{"name":"wp","href":"https:\/\/api.w.org\/{rel}","templated":true}]}}