{"id":6348,"date":"2012-07-13T12:48:47","date_gmt":"2012-07-13T11:48:47","guid":{"rendered":"http:\/\/vaeter-und-karriere.de\/blog\/?p=6348"},"modified":"2013-08-05T14:11:10","modified_gmt":"2013-08-05T14:11:10","slug":"deutschland-ist-kein-kinderfreundliches-land-2","status":"publish","type":"post","link":"https:\/\/vaeter-und-karriere.de\/blog\/index.php\/2012\/07\/13\/deutschland-ist-kein-kinderfreundliches-land-2\/","title":{"rendered":"Deutschland ist (k)ein kinderfreundliches Land"},"content":{"rendered":"<p>Der f\u00fcr Wohnungseigentumssachen zust\u00e4ndige V. Zivilsenat des <a href=\"http:\/\/www.bundesgerichtshof.de \" target=\"_blank\">Bundesgerichtshofs<\/a> in Karlsruhe hat heute \u00fcber die Revision von zwei beklagten Wohnungseigent\u00fcmern entschieden, deren Mieterin in der Wohnung eine Tagespflegestelle f\u00fcr bis zu f\u00fcnf Kleinkinder betreibt. Auf die Klage einer Wohnungseigent\u00fcmerin waren sie vom Landgericht verurteilt worden, die Nutzung der Wohnung als Kindertagespflegestelle zu unterlassen. \u2026<\/p>\n<p>In der Urteilsbegr\u00fcndung hei\u00dft es unter anderem: Das Berufungsgericht hat zu Recht angenommen, dass die Nutzung einer Wohnung zum Betrieb einer entgeltlichen Tagespflegestelle f\u00fcr bis zu f\u00fcnf Kleinkinder die \u201eAus\u00fcbung eines Gewerbes oder Berufes in der Wohnung&#8220; im Sinne der Teilungserkl\u00e4rung darstellt \u2026 Zwar geh\u00f6rt zum Wohnen auch die M\u00f6glichkeit, in der Familie neben den eigenen Kindern fremde Kinder zu betreuen, etwa bei regelm\u00e4\u00dfigen Besuchen von Freunden der Kinder oder im Wege der Nachbarschaftshilfe. Hiervon zu unterscheiden ist jedoch die Nutzung der Wohnung zur (werk-) t\u00e4glichen Erbringung von Betreuungsdienstleistungen gegen\u00fcber Dritten in Form einer Pflegestelle f\u00fcr bis zu f\u00fcnf Kleinkinder, bei der der Erwerbscharakter im Vordergrund steht. Eine solche teilgewerbliche Nutzung der Wohnung wird vom Wohnzweck nicht mehr getragen. \u2026<\/p>\n<p>Den Beklagten, die sich bisher zu keinem Zeitpunkt um die Erteilung einer Zustimmung zum Betrieb einer \u2013 nach Anzahl der zu betreuenden Kinder und zeitlichem Umfang konkret beschriebenen \u2013 Kindertagespflegestelle in ihrer Wohnung bem\u00fcht haben, bleibt es aber unbenommen, bei der Verwalterin oder der Wohnungseigent\u00fcmergemeinschaft einen entsprechenden Antrag zu stellen. \u2026<\/p>\n<p><a href=\"http:\/\/juris.bundesgerichtshof.de\/cgi-bin\/rechtsprechung\/document.py?Gericht=bgh&amp;Art=pm&amp;Datum=2012&amp;Sort=3&amp;nr=60927&amp;pos=2&amp;anz=112 \" target=\"_blank\">Quelle<\/a><\/p>\n","protected":false},"excerpt":{"rendered":"<p>Der f\u00fcr Wohnungseigentumssachen zust\u00e4ndige V. Zivilsenat des Bundesgerichtshofs in Karlsruhe hat heute \u00fcber die Revision von zwei beklagten Wohnungseigent\u00fcmern entschieden, deren Mieterin in der Wohnung eine Tagespflegestelle f\u00fcr bis zu f\u00fcnf Kleinkinder betreibt. Auf die Klage einer Wohnungseigent\u00fcmerin waren sie vom Landgericht verurteilt worden, die Nutzung der Wohnung als Kindertagespflegestelle zu unterlassen. \u2026 In der [&hellip;]<\/p>\n","protected":false},"author":1,"featured_media":0,"comment_status":"open","ping_status":"open","sticky":false,"template":"","format":"standard","meta":[],"categories":[40,27],"tags":[],"_links":{"self":[{"href":"https:\/\/vaeter-und-karriere.de\/blog\/index.php\/wp-json\/wp\/v2\/posts\/6348"}],"collection":[{"href":"https:\/\/vaeter-und-karriere.de\/blog\/index.php\/wp-json\/wp\/v2\/posts"}],"about":[{"href":"https:\/\/vaeter-und-karriere.de\/blog\/index.php\/wp-json\/wp\/v2\/types\/post"}],"author":[{"embeddable":true,"href":"https:\/\/vaeter-und-karriere.de\/blog\/index.php\/wp-json\/wp\/v2\/users\/1"}],"replies":[{"embeddable":true,"href":"https:\/\/vaeter-und-karriere.de\/blog\/index.php\/wp-json\/wp\/v2\/comments?post=6348"}],"version-history":[{"count":4,"href":"https:\/\/vaeter-und-karriere.de\/blog\/index.php\/wp-json\/wp\/v2\/posts\/6348\/revisions"}],"predecessor-version":[{"id":7528,"href":"https:\/\/vaeter-und-karriere.de\/blog\/index.php\/wp-json\/wp\/v2\/posts\/6348\/revisions\/7528"}],"wp:attachment":[{"href":"https:\/\/vaeter-und-karriere.de\/blog\/index.php\/wp-json\/wp\/v2\/media?parent=6348"}],"wp:term":[{"taxonomy":"category","embeddable":true,"href":"https:\/\/vaeter-und-karriere.de\/blog\/index.php\/wp-json\/wp\/v2\/categories?post=6348"},{"taxonomy":"post_tag","embeddable":true,"href":"https:\/\/vaeter-und-karriere.de\/blog\/index.php\/wp-json\/wp\/v2\/tags?post=6348"}],"curies":[{"name":"wp","href":"https:\/\/api.w.org\/{rel}","templated":true}]}}