{"id":6314,"date":"2012-07-03T08:58:51","date_gmt":"2012-07-03T07:58:51","guid":{"rendered":"http:\/\/vaeter-und-karriere.de\/blog\/?p=6314"},"modified":"2012-07-03T08:58:51","modified_gmt":"2012-07-03T07:58:51","slug":"so-viel-vaterlichkeit-steckt-im-mann","status":"publish","type":"post","link":"https:\/\/vaeter-und-karriere.de\/blog\/index.php\/2012\/07\/03\/so-viel-vaterlichkeit-steckt-im-mann\/","title":{"rendered":"So viel V\u00e4terlichkeit steckt im Mann"},"content":{"rendered":"<p><a href=\"http:\/\/www.br.de\/radio\/bayern2\/sendungen\/notizbuch\/melitta-walter100~_v-image512_-6a0b0d9618fb94fd9ee05a84a1099a13ec9d3321.jpg?version=1326127699931\"><img loading=\"lazy\" class=\"alignright\" src=\"http:\/\/www.br.de\/radio\/bayern2\/sendungen\/notizbuch\/melitta-walter100~_v-image512_-6a0b0d9618fb94fd9ee05a84a1099a13ec9d3321.jpg?version=1326127699931\" alt=\"\" width=\"147\" height=\"83\" \/><\/a>Noch vor nicht allzu langer Zeit war Kindererziehung in der Familie fast ausschlie\u00dflich Frauensache. Doch das hat sich ge\u00e4ndert. Die V\u00e4ter von heute wollen sich aktiv um ihre Kinder k\u00fcmmern. Die Erziehungsexpertin <a href=\"http:\/\/www.melittawalter.de\/\" target=\"_blank\">Melitta Walter<\/a> gibt im \u201aNotizbuch\u2018 auf Bayern 2Tipps, was einen guten Vater ausmacht und wie das Zusammenspiel von V\u00e4tern und M\u00fcttern optimal gelingen kann. Sie k\u00f6nnen sich zwischen 10.00 und 11.00 Uhr unter der Telefonnummer 089 51851 an der Sendung beteiligen.<\/p>\n<p><a href=\"http:\/\/www.br.de\/radio\/bayern2\/anrufsendung-melitta-walter110~_csn-203af9ae-619d-4828-b28b-a6c20fc61235_-f6bbe738f7f251e177c58d1b359e4c62727279c1.html \" target=\"_blank\">Quelle<\/a><\/p>\n","protected":false},"excerpt":{"rendered":"<p>Noch vor nicht allzu langer Zeit war Kindererziehung in der Familie fast ausschlie\u00dflich Frauensache. Doch das hat sich ge\u00e4ndert. Die V\u00e4ter von heute wollen sich aktiv um ihre Kinder k\u00fcmmern. Die Erziehungsexpertin Melitta Walter gibt im \u201aNotizbuch\u2018 auf Bayern 2Tipps, was einen guten Vater ausmacht und wie das Zusammenspiel von V\u00e4tern und M\u00fcttern optimal gelingen [&hellip;]<\/p>\n","protected":false},"author":1,"featured_media":0,"comment_status":"open","ping_status":"open","sticky":false,"template":"","format":"standard","meta":[],"categories":[43,25],"tags":[194],"_links":{"self":[{"href":"https:\/\/vaeter-und-karriere.de\/blog\/index.php\/wp-json\/wp\/v2\/posts\/6314"}],"collection":[{"href":"https:\/\/vaeter-und-karriere.de\/blog\/index.php\/wp-json\/wp\/v2\/posts"}],"about":[{"href":"https:\/\/vaeter-und-karriere.de\/blog\/index.php\/wp-json\/wp\/v2\/types\/post"}],"author":[{"embeddable":true,"href":"https:\/\/vaeter-und-karriere.de\/blog\/index.php\/wp-json\/wp\/v2\/users\/1"}],"replies":[{"embeddable":true,"href":"https:\/\/vaeter-und-karriere.de\/blog\/index.php\/wp-json\/wp\/v2\/comments?post=6314"}],"version-history":[{"count":2,"href":"https:\/\/vaeter-und-karriere.de\/blog\/index.php\/wp-json\/wp\/v2\/posts\/6314\/revisions"}],"predecessor-version":[{"id":6316,"href":"https:\/\/vaeter-und-karriere.de\/blog\/index.php\/wp-json\/wp\/v2\/posts\/6314\/revisions\/6316"}],"wp:attachment":[{"href":"https:\/\/vaeter-und-karriere.de\/blog\/index.php\/wp-json\/wp\/v2\/media?parent=6314"}],"wp:term":[{"taxonomy":"category","embeddable":true,"href":"https:\/\/vaeter-und-karriere.de\/blog\/index.php\/wp-json\/wp\/v2\/categories?post=6314"},{"taxonomy":"post_tag","embeddable":true,"href":"https:\/\/vaeter-und-karriere.de\/blog\/index.php\/wp-json\/wp\/v2\/tags?post=6314"}],"curies":[{"name":"wp","href":"https:\/\/api.w.org\/{rel}","templated":true}]}}