{"id":6309,"date":"2012-07-01T15:19:13","date_gmt":"2012-07-01T14:19:13","guid":{"rendered":"http:\/\/vaeter-und-karriere.de\/blog\/?p=6309"},"modified":"2013-08-05T14:12:00","modified_gmt":"2013-08-05T14:12:00","slug":"die-korperliche-unversehrtheit-der-jungen-muss-gewahrleistet-sein","status":"publish","type":"post","link":"https:\/\/vaeter-und-karriere.de\/blog\/index.php\/2012\/07\/01\/die-korperliche-unversehrtheit-der-jungen-muss-gewahrleistet-sein\/","title":{"rendered":"Die k\u00f6rperliche Unversehrtheit der Jungen muss gew\u00e4hrleistet sein"},"content":{"rendered":"<p>Wo h\u00f6rt Religionsfreiheit auf und wo beginnt K\u00f6rperverletzung? In der letzten Woche haben die Richter des K\u00f6lner Landgerichts in ihrem <a href=\"http:\/\/hpd.de\/node\/13642\" target=\"_blank\">Urteil<\/a> die Beschneidung eines minderj\u00e4hrigen Jungen aus religi\u00f6sen Gr\u00fcnden als K\u00f6rperverletzung bewertet. Und seither rei\u00dft die Diskussion nicht ab: Ohne Beschneidung sei kein j\u00fcdisches Leben mehr m\u00f6glich- so der Zentralrat der Juden; der Zentralrat der Muslime in Deutschland will f\u00fcr das Recht auf Beschneidung vor dem Bundesverfassungsgericht klagen.<\/p>\n<p>\u201eArmutszeugnis\u201c nannte der Berliner evangelische Bischof Dr\u00f6ge das Urteil. Und auch immer mehr Bundespolitiker schalteten sich am Wochenende in die Diskussion ein. Au\u00dfenminister Guido Westerwelle erkl\u00e4rte gestern, in Deutschland seien die freie Religionsaus\u00fcbung und die religi\u00f6sen Traditionen gesch\u00fctzt &#8230;<\/p>\n<p>Ein Kommentar von <a href=\"http:\/\/de.wikipedia.org\/wiki\/Friedrich_K%C3%BCppersbusch_%28Journalist%29 \" target=\"_blank\">Friedrich K\u00fcppersbusch<\/a> f\u00fcr radio eins vom rbb zum <a href=\"http:\/\/download.radioeins.de\/mp3\/_programm\/7\/20120702\/0810_kommentar.mp3 \" target=\"_blank\">Nachh\u00f6ren<\/a>.<\/p>\n<p><a href=\"http:\/\/www.radioeins.de\/programm\/sendungen\/der_schoene_morgen\/kommentar\/friedrich_kuppersbusch.html \" target=\"_blank\">Quelle<\/a><\/p>\n","protected":false},"excerpt":{"rendered":"<p>Wo h\u00f6rt Religionsfreiheit auf und wo beginnt K\u00f6rperverletzung? In der letzten Woche haben die Richter des K\u00f6lner Landgerichts in ihrem Urteil die Beschneidung eines minderj\u00e4hrigen Jungen aus religi\u00f6sen Gr\u00fcnden als K\u00f6rperverletzung bewertet. Und seither rei\u00dft die Diskussion nicht ab: Ohne Beschneidung sei kein j\u00fcdisches Leben mehr m\u00f6glich- so der Zentralrat der Juden; der Zentralrat der [&hellip;]<\/p>\n","protected":false},"author":1,"featured_media":0,"comment_status":"open","ping_status":"open","sticky":false,"template":"","format":"standard","meta":[],"categories":[25,27],"tags":[181,173],"_links":{"self":[{"href":"https:\/\/vaeter-und-karriere.de\/blog\/index.php\/wp-json\/wp\/v2\/posts\/6309"}],"collection":[{"href":"https:\/\/vaeter-und-karriere.de\/blog\/index.php\/wp-json\/wp\/v2\/posts"}],"about":[{"href":"https:\/\/vaeter-und-karriere.de\/blog\/index.php\/wp-json\/wp\/v2\/types\/post"}],"author":[{"embeddable":true,"href":"https:\/\/vaeter-und-karriere.de\/blog\/index.php\/wp-json\/wp\/v2\/users\/1"}],"replies":[{"embeddable":true,"href":"https:\/\/vaeter-und-karriere.de\/blog\/index.php\/wp-json\/wp\/v2\/comments?post=6309"}],"version-history":[{"count":3,"href":"https:\/\/vaeter-und-karriere.de\/blog\/index.php\/wp-json\/wp\/v2\/posts\/6309\/revisions"}],"predecessor-version":[{"id":7529,"href":"https:\/\/vaeter-und-karriere.de\/blog\/index.php\/wp-json\/wp\/v2\/posts\/6309\/revisions\/7529"}],"wp:attachment":[{"href":"https:\/\/vaeter-und-karriere.de\/blog\/index.php\/wp-json\/wp\/v2\/media?parent=6309"}],"wp:term":[{"taxonomy":"category","embeddable":true,"href":"https:\/\/vaeter-und-karriere.de\/blog\/index.php\/wp-json\/wp\/v2\/categories?post=6309"},{"taxonomy":"post_tag","embeddable":true,"href":"https:\/\/vaeter-und-karriere.de\/blog\/index.php\/wp-json\/wp\/v2\/tags?post=6309"}],"curies":[{"name":"wp","href":"https:\/\/api.w.org\/{rel}","templated":true}]}}